{"id":123955,"date":"2021-08-12T10:44:33","date_gmt":"2021-08-12T14:44:33","guid":{"rendered":"https:\/\/linitiative.ca\/International\/le-1er-vice-ministre-des-affaires-etrangeres-sud-coreen-en-visite-au-maroc\/"},"modified":"2021-08-12T10:44:33","modified_gmt":"2021-08-12T14:44:33","slug":"le-1er-vice-ministre-des-affaires-etrangeres-sud-coreen-en-visite-au-maroc","status":"publish","type":"post","link":"https:\/\/linitiative.ca\/International\/le-1er-vice-ministre-des-affaires-etrangeres-sud-coreen-en-visite-au-maroc\/","title":{"rendered":"Le 1er vice-ministre des Affaires \u00e9trang\u00e8res sud-cor\u00e9en en visite au Maroc"},"content":{"rendered":"<div>\n<div class=\"field field-name-body field-type-text-with-summary field-label-hidden\">\n<div class=\"field-items\">\n<div class=\"field-item even\" property=\"content:encoded\">\n<p class=\"rtejustify\">Choi Jong-kun, le premier vice-ministre des Affaires \u00e9trang\u00e8res de la Cor\u00e9e du Sud, effectuera une visite au Maroc cette semaine, annonce la diplomatie sud-cor\u00e9enne.<\/p>\n<p class=\"rtejustify\">Ce d\u00e9placement, qui d\u00e9marre le 14 ao\u00fbt, sera l\u2019occasion de discuter des moyens de renforcer la coop\u00e9ration bilat\u00e9rale dans divers secteurs, notamment la sant\u00e9, l&rsquo;\u00e9ducation, les infrastructures et l&rsquo;industrie, indique la diplomatie sud-cor\u00e9enne. Choi Jong-kun sera aussi au S\u00e9n\u00e9gal et au Nigeria.<\/p>\n<\/div>\n<\/div>\n<\/div>\n<\/div>\n<p>Auteur: mbasraoui<br \/>\n<a href=\"https:\/\/www.leconomiste.com\/flash-infos\/le-1er-vice-ministre-des-affaires-etrangeres-sud-coreen-en-visite-au-maroc\">Cliquez ici pour lire l&rsquo;article depuis sa source.<\/a><\/p>\n","protected":false},"excerpt":{"rendered":"<p>Choi Jong-kun, le premier vice-ministre des Affaires \u00e9trang\u00e8res de la Cor\u00e9e du Sud, effectuera une visite au Maroc cette semaine, annonce la diplomatie sud-cor\u00e9enne. Ce d\u00e9placement, qui d\u00e9marre le 14 ao\u00fbt, sera l\u2019occasion de discuter des moyens de renforcer la coop\u00e9ration bilat\u00e9rale dans divers secteurs, notamment la sant\u00e9, l&rsquo;\u00e9ducation, les infrastructures et l&rsquo;industrie, indique la [&hellip;]<\/p>\n","protected":false},"author":1763,"featured_media":0,"comment_status":"closed","ping_status":"closed","sticky":false,"template":"","format":"standard","meta":{"fifu_image_url":"","fifu_image_alt":"","footnotes":""},"categories":[78,54],"tags":[],"class_list":["post-123955","post","type-post","status-publish","format-standard","hentry","category-economie","category-maroc"],"_links":{"self":[{"href":"https:\/\/linitiative.ca\/International\/wp-json\/wp\/v2\/posts\/123955","targetHints":{"allow":["GET"]}}],"collection":[{"href":"https:\/\/linitiative.ca\/International\/wp-json\/wp\/v2\/posts"}],"about":[{"href":"https:\/\/linitiative.ca\/International\/wp-json\/wp\/v2\/types\/post"}],"author":[{"embeddable":true,"href":"https:\/\/linitiative.ca\/International\/wp-json\/wp\/v2\/users\/1763"}],"replies":[{"embeddable":true,"href":"https:\/\/linitiative.ca\/International\/wp-json\/wp\/v2\/comments?post=123955"}],"version-history":[{"count":0,"href":"https:\/\/linitiative.ca\/International\/wp-json\/wp\/v2\/posts\/123955\/revisions"}],"wp:attachment":[{"href":"https:\/\/linitiative.ca\/International\/wp-json\/wp\/v2\/media?parent=123955"}],"wp:term":[{"taxonomy":"category","embeddable":true,"href":"https:\/\/linitiative.ca\/International\/wp-json\/wp\/v2\/categories?post=123955"},{"taxonomy":"post_tag","embeddable":true,"href":"https:\/\/linitiative.ca\/International\/wp-json\/wp\/v2\/tags?post=123955"}],"curies":[{"name":"wp","href":"https:\/\/api.w.org\/{rel}","templated":true}]}}