{"id":123962,"date":"2021-08-12T06:30:04","date_gmt":"2021-08-12T10:30:04","guid":{"rendered":"https:\/\/linitiative.ca\/International\/feux-de-foret-des-dizaines-de-citoyens-evacues-a-skikda\/"},"modified":"2021-08-12T06:30:04","modified_gmt":"2021-08-12T10:30:04","slug":"feux-de-foret-des-dizaines-de-citoyens-evacues-a-skikda","status":"publish","type":"post","link":"https:\/\/linitiative.ca\/International\/feux-de-foret-des-dizaines-de-citoyens-evacues-a-skikda\/","title":{"rendered":"Feux de for\u00eat : Des dizaines de citoyens \u00e9vacu\u00e9s \u00e0 Skikda"},"content":{"rendered":"<div>\n<div class=\"sriret\"><img decoding=\"async\" src=\"https:\/\/linitiative.ca\/International\/wp-content\/uploads\/sites\/23\/2021\/08\/default-picture-709x366_c-20.jpg\"><\/div>\n<p>Pas moins de 22 d\u00e9parts de feux se sont simultan\u00e9ment d\u00e9clar\u00e9s dans la seule journ\u00e9e de mardi dans la wilaya de Skikda amenant les pouvoirs publics \u00e0 \u00e9vacuer plus de 200 personnes.<\/p>\n<p>\u00c0 voir la cartographie de ces sinistres, tir\u00e9e du bilan de la protection civile, on y rel\u00e8ve leur grande \u00e9tendue.<br \/>\nPratiquement, l\u2019ensemble des zones de la wilaya ont \u00e9t\u00e9 touch\u00e9es par ces sinistres, que ce soit la r\u00e9gion de Collo \u00e0 l\u2019ouest, Azzaba \u00e0 l\u2019est ou Ouled Hbaba au sud. Pour venir \u00e0 bout de ce dernier incendie, un formidable \u00e9lan de soutien et de solidarit\u00e9 s\u2019est enclench\u00e9 avec l\u2019implication de plus de 40 pompiers et de 34 agents de la Conservation des for\u00eats de la wilaya de Constantine, venus aider leurs coll\u00e8gues de Skikda en vue de limiter la propagation des langues de flammes vers Constantine.<\/p>\n<p>*Retrouvez l\u2019int\u00e9gralit\u00e9 de nos articles sur la version papier<\/p>\n<p>L\u2019article <a rel=\"nofollow\" href=\"https:\/\/www.elwatan.com\/edition\/actualite\/feux-de-foret-des-dizaines-de-citoyens-evacues-a-skikda-12-08-2021\">Feux de for\u00eat : Des dizaines de citoyens \u00e9vacu\u00e9s \u00e0 Skikda<\/a> est apparu en premier sur <a rel=\"nofollow\" href=\"https:\/\/www.elwatan.com\/\">El Watan<\/a>.<\/p>\n<\/div>\n<p>Auteur: Hicham Chouadria<br \/>\n<a href=\"https:\/\/www.elwatan.com\/edition\/actualite\/feux-de-foret-des-dizaines-de-citoyens-evacues-a-skikda-12-08-2021\">Cliquez ici pour lire l&rsquo;article depuis sa source.<\/a><\/p>\n","protected":false},"excerpt":{"rendered":"<p>Pas moins de 22 d\u00e9parts de feux se sont simultan\u00e9ment d\u00e9clar\u00e9s dans la seule journ\u00e9e de mardi dans la wilaya de Skikda amenant les pouvoirs publics \u00e0 \u00e9vacuer plus de 200 personnes. \u00c0 voir la cartographie de ces sinistres, tir\u00e9e du bilan de la protection civile, on y rel\u00e8ve leur grande \u00e9tendue. Pratiquement, l\u2019ensemble des [&hellip;]<\/p>\n","protected":false},"author":1743,"featured_media":0,"comment_status":"closed","ping_status":"closed","sticky":false,"template":"","format":"standard","meta":{"fifu_image_url":"https:\/\/www.elwatan.com\/wp-content\/themes\/spectr\/img\/default-picture-709x366_c.jpg","fifu_image_alt":"Feux de for\u00eat : Des dizaines de citoyens \u00e9vacu\u00e9s \u00e0 Skikda","footnotes":""},"categories":[73,53],"tags":[],"class_list":["post-123962","post","type-post","status-publish","format-standard","hentry","category-actualite","category-algerie"],"_links":{"self":[{"href":"https:\/\/linitiative.ca\/International\/wp-json\/wp\/v2\/posts\/123962","targetHints":{"allow":["GET"]}}],"collection":[{"href":"https:\/\/linitiative.ca\/International\/wp-json\/wp\/v2\/posts"}],"about":[{"href":"https:\/\/linitiative.ca\/International\/wp-json\/wp\/v2\/types\/post"}],"author":[{"embeddable":true,"href":"https:\/\/linitiative.ca\/International\/wp-json\/wp\/v2\/users\/1743"}],"replies":[{"embeddable":true,"href":"https:\/\/linitiative.ca\/International\/wp-json\/wp\/v2\/comments?post=123962"}],"version-history":[{"count":0,"href":"https:\/\/linitiative.ca\/International\/wp-json\/wp\/v2\/posts\/123962\/revisions"}],"wp:attachment":[{"href":"https:\/\/linitiative.ca\/International\/wp-json\/wp\/v2\/media?parent=123962"}],"wp:term":[{"taxonomy":"category","embeddable":true,"href":"https:\/\/linitiative.ca\/International\/wp-json\/wp\/v2\/categories?post=123962"},{"taxonomy":"post_tag","embeddable":true,"href":"https:\/\/linitiative.ca\/International\/wp-json\/wp\/v2\/tags?post=123962"}],"curies":[{"name":"wp","href":"https:\/\/api.w.org\/{rel}","templated":true}]}}