{"id":123964,"date":"2021-08-12T06:30:26","date_gmt":"2021-08-12T10:30:26","guid":{"rendered":"https:\/\/linitiative.ca\/International\/incendies-dans-le-centre-du-pays-bouira-accueille-des-sinistres-de-tizi-ouzou\/"},"modified":"2021-08-12T06:30:26","modified_gmt":"2021-08-12T10:30:26","slug":"incendies-dans-le-centre-du-pays-bouira-accueille-des-sinistres-de-tizi-ouzou","status":"publish","type":"post","link":"https:\/\/linitiative.ca\/International\/incendies-dans-le-centre-du-pays-bouira-accueille-des-sinistres-de-tizi-ouzou\/","title":{"rendered":"Incendies dans le centre du pays : Bouira accueille des sinistr\u00e9s de Tizi Ouzou"},"content":{"rendered":"<div>\n<div class=\"sriret\"><img decoding=\"async\" src=\"https:\/\/linitiative.ca\/International\/wp-content\/uploads\/sites\/23\/2021\/08\/default-picture-709x366_c-21.jpg\"><\/div>\n<p>Ala adrar i nufa\u00bb (Notre montagne a \u00e9t\u00e9 notre salut), fond en larmes un habitant du village Timeghras, dans la commune d\u2019Ath Boumehdi au sud de la wilaya de Tizi Ouzou, qui fait face depuis lundi soir \u00e0 de violents incendies ravageant des villages entiers et causant des pertes importantes en vies humaines.<\/p>\n<p>Pour sauver leurs vies et fuyant les flammes qui ont presque d\u00e9cim\u00e9 compl\u00e8tement le couvert v\u00e9g\u00e9tal de la r\u00e9gion et d\u00e9truit des maisons, des dizaines de familles ont trouv\u00e9 refuge au niveau du site d\u2019Aswel, sis sur les hauteurs du Djurdjura, non loin du complexe touristique de Tikjda. \u00abNous n\u2019avions pas d\u2019autre choix. Nous \u00e9tions entre la vie et la mort. Nous avons tout abandonn\u00e9\u00bb, a ajout\u00e9 un sinistr\u00e9 rencontr\u00e9, mardi dernier lors de notre d\u00e9placement sur place.<\/p>\n<p>*<\/p>\n<p>L\u2019article <a rel=\"nofollow\" href=\"https:\/\/www.elwatan.com\/edition\/actualite\/incendies-dans-le-centre-du-pays-bouira-accueille-des-sinistres-de-tizi-ouzou-12-08-2021\">Incendies dans le centre du pays : Bouira accueille des sinistr\u00e9s de Tizi Ouzou<\/a> est apparu en premier sur <a rel=\"nofollow\" href=\"https:\/\/www.elwatan.com\/\">El Watan<\/a>.<\/p>\n<\/div>\n<p>Auteur: Hicham Chouadria<br \/>\n<a href=\"https:\/\/www.elwatan.com\/edition\/actualite\/incendies-dans-le-centre-du-pays-bouira-accueille-des-sinistres-de-tizi-ouzou-12-08-2021\">Cliquez ici pour lire l&rsquo;article depuis sa source.<\/a><\/p>\n","protected":false},"excerpt":{"rendered":"<p>Ala adrar i nufa\u00bb (Notre montagne a \u00e9t\u00e9 notre salut), fond en larmes un habitant du village Timeghras, dans la commune d\u2019Ath Boumehdi au sud de la wilaya de Tizi Ouzou, qui fait face depuis lundi soir \u00e0 de violents incendies ravageant des villages entiers et causant des pertes importantes en vies humaines. Pour sauver [&hellip;]<\/p>\n","protected":false},"author":1743,"featured_media":0,"comment_status":"closed","ping_status":"closed","sticky":false,"template":"","format":"standard","meta":{"fifu_image_url":"https:\/\/www.elwatan.com\/wp-content\/themes\/spectr\/img\/default-picture-709x366_c.jpg","fifu_image_alt":"Incendies dans le centre du pays : Bouira accueille des sinistr\u00e9s de Tizi Ouzou","footnotes":""},"categories":[73,53],"tags":[],"class_list":["post-123964","post","type-post","status-publish","format-standard","hentry","category-actualite","category-algerie"],"_links":{"self":[{"href":"https:\/\/linitiative.ca\/International\/wp-json\/wp\/v2\/posts\/123964","targetHints":{"allow":["GET"]}}],"collection":[{"href":"https:\/\/linitiative.ca\/International\/wp-json\/wp\/v2\/posts"}],"about":[{"href":"https:\/\/linitiative.ca\/International\/wp-json\/wp\/v2\/types\/post"}],"author":[{"embeddable":true,"href":"https:\/\/linitiative.ca\/International\/wp-json\/wp\/v2\/users\/1743"}],"replies":[{"embeddable":true,"href":"https:\/\/linitiative.ca\/International\/wp-json\/wp\/v2\/comments?post=123964"}],"version-history":[{"count":0,"href":"https:\/\/linitiative.ca\/International\/wp-json\/wp\/v2\/posts\/123964\/revisions"}],"wp:attachment":[{"href":"https:\/\/linitiative.ca\/International\/wp-json\/wp\/v2\/media?parent=123964"}],"wp:term":[{"taxonomy":"category","embeddable":true,"href":"https:\/\/linitiative.ca\/International\/wp-json\/wp\/v2\/categories?post=123964"},{"taxonomy":"post_tag","embeddable":true,"href":"https:\/\/linitiative.ca\/International\/wp-json\/wp\/v2\/tags?post=123964"}],"curies":[{"name":"wp","href":"https:\/\/api.w.org\/{rel}","templated":true}]}}