{"id":123966,"date":"2021-08-12T06:35:35","date_gmt":"2021-08-12T10:35:35","guid":{"rendered":"https:\/\/linitiative.ca\/International\/les-feux-font-5-morts-et-imposent-le-plan-orsec-a-bejaia\/"},"modified":"2021-08-12T06:35:35","modified_gmt":"2021-08-12T10:35:35","slug":"les-feux-font-5-morts-et-imposent-le-plan-orsec-a-bejaia","status":"publish","type":"post","link":"https:\/\/linitiative.ca\/International\/les-feux-font-5-morts-et-imposent-le-plan-orsec-a-bejaia\/","title":{"rendered":"Les feux font 5 morts et imposent le plan ORSEC \u00e0 B\u00e9ja\u00efa"},"content":{"rendered":"<div>\n<div class=\"sriret\"><img decoding=\"async\" src=\"https:\/\/linitiative.ca\/International\/wp-content\/uploads\/sites\/23\/2021\/08\/default-picture-709x366_c-22.jpg\"><\/div>\n<p>D\u00e9tresse, panique et grosse peur pour le troisi\u00e8me jour de suite \u00e0 B\u00e9ja\u00efa. Les feux ont continu\u00e9 de plus belle hier d\u00e9vorant les for\u00eats dans plusieurs endroits de la wilaya. Bilan partiel\u00a0: 5 morts et pr\u00e8s de 600 hectares de massif forestier et des centaines d\u2019arbres fruitiers d\u00e9vast\u00e9s depuis trois jours. La premi\u00e8re victime a \u00e9t\u00e9 d\u00e9plor\u00e9e au village Ansa, \u00e0 la p\u00e9riph\u00e9rie de la ville d\u2019Aokas.<\/p>\n<p>Un citoyen de 40 ans, Tairi Djelloul, a trouv\u00e9 la mort, touch\u00e9 par une branche tomb\u00e9e d\u2019un arbre en feu. \u00c9vacu\u00e9 par des citoyens, la victime a rendu l\u2019\u00e2me \u00e0 l\u2019h\u00f4pital d\u2019Aokas. Le violent feu \u00e9tait encore en activit\u00e9 hier. A Barbacha, les incendies ont fait malheureusement quatre victimes d\u2019une m\u00eame famille, dont deux femmes carbonis\u00e9es, selon la protection civile. Des familles ont \u00e9t\u00e9 \u00e9vacu\u00e9es et d\u2019autres ont fui d\u2019elles-m\u00eames leurs maisons. \u00c0 Adekar, deux militaires, asphyxi\u00e9s par les fum\u00e9es, ont \u00e9t\u00e9 secourus par les pompiers qui les ont \u00e9vacu\u00e9s \u00e0 l\u2019h\u00f4pital pour \u00e9galement des br\u00fblures l\u00e9g\u00e8res, selon la charg\u00e9e de communication des pompiers. Un citoyen bless\u00e9 dans l\u2019intervention contre le brasier d\u2019Ighil El Bordj, sortie ouest de B\u00e9ja\u00efa, a aussi \u00e9t\u00e9 \u00e9vacu\u00e9 par les \u00e9l\u00e9ments de la protection civile.<\/p>\n<p>*Retrouvez l\u2019int\u00e9gralit\u00e9 de nos articles sur la version papier<\/p>\n<p>L\u2019article <a rel=\"nofollow\" href=\"https:\/\/www.elwatan.com\/edition\/actualite\/les-feux-font-5-morts-et-imposent-le-plan-orsec-a-bejaia-12-08-2021\">Les feux font 5 morts et imposent le plan ORSEC \u00e0 B\u00e9ja\u00efa<\/a> est apparu en premier sur <a rel=\"nofollow\" href=\"https:\/\/www.elwatan.com\/\">El Watan<\/a>.<\/p>\n<\/div>\n<p>Auteur: Hicham Chouadria<br \/>\n<a href=\"https:\/\/www.elwatan.com\/edition\/actualite\/les-feux-font-5-morts-et-imposent-le-plan-orsec-a-bejaia-12-08-2021\">Cliquez ici pour lire l&rsquo;article depuis sa source.<\/a><\/p>\n","protected":false},"excerpt":{"rendered":"<p>D\u00e9tresse, panique et grosse peur pour le troisi\u00e8me jour de suite \u00e0 B\u00e9ja\u00efa. Les feux ont continu\u00e9 de plus belle hier d\u00e9vorant les for\u00eats dans plusieurs endroits de la wilaya. Bilan partiel\u00a0: 5 morts et pr\u00e8s de 600 hectares de massif forestier et des centaines d\u2019arbres fruitiers d\u00e9vast\u00e9s depuis trois jours. La premi\u00e8re victime a [&hellip;]<\/p>\n","protected":false},"author":1743,"featured_media":0,"comment_status":"closed","ping_status":"closed","sticky":false,"template":"","format":"standard","meta":{"fifu_image_url":"https:\/\/www.elwatan.com\/wp-content\/themes\/spectr\/img\/default-picture-709x366_c.jpg","fifu_image_alt":"Les feux font 5 morts et imposent le plan ORSEC \u00e0 B\u00e9ja\u00efa","footnotes":""},"categories":[73,53],"tags":[],"class_list":["post-123966","post","type-post","status-publish","format-standard","hentry","category-actualite","category-algerie"],"_links":{"self":[{"href":"https:\/\/linitiative.ca\/International\/wp-json\/wp\/v2\/posts\/123966","targetHints":{"allow":["GET"]}}],"collection":[{"href":"https:\/\/linitiative.ca\/International\/wp-json\/wp\/v2\/posts"}],"about":[{"href":"https:\/\/linitiative.ca\/International\/wp-json\/wp\/v2\/types\/post"}],"author":[{"embeddable":true,"href":"https:\/\/linitiative.ca\/International\/wp-json\/wp\/v2\/users\/1743"}],"replies":[{"embeddable":true,"href":"https:\/\/linitiative.ca\/International\/wp-json\/wp\/v2\/comments?post=123966"}],"version-history":[{"count":0,"href":"https:\/\/linitiative.ca\/International\/wp-json\/wp\/v2\/posts\/123966\/revisions"}],"wp:attachment":[{"href":"https:\/\/linitiative.ca\/International\/wp-json\/wp\/v2\/media?parent=123966"}],"wp:term":[{"taxonomy":"category","embeddable":true,"href":"https:\/\/linitiative.ca\/International\/wp-json\/wp\/v2\/categories?post=123966"},{"taxonomy":"post_tag","embeddable":true,"href":"https:\/\/linitiative.ca\/International\/wp-json\/wp\/v2\/tags?post=123966"}],"curies":[{"name":"wp","href":"https:\/\/api.w.org\/{rel}","templated":true}]}}