{"id":123968,"date":"2021-08-12T06:36:29","date_gmt":"2021-08-12T10:36:29","guid":{"rendered":"https:\/\/linitiative.ca\/International\/suite-aux-incendies-qui-ont-fait-plus-de-69-deces-a-tizi-ouzou-la-solidarite-avec-les-familles-sinistrees-prend-forme\/"},"modified":"2021-08-12T06:36:29","modified_gmt":"2021-08-12T10:36:29","slug":"suite-aux-incendies-qui-ont-fait-plus-de-69-deces-a-tizi-ouzou-la-solidarite-avec-les-familles-sinistrees-prend-forme","status":"publish","type":"post","link":"https:\/\/linitiative.ca\/International\/suite-aux-incendies-qui-ont-fait-plus-de-69-deces-a-tizi-ouzou-la-solidarite-avec-les-familles-sinistrees-prend-forme\/","title":{"rendered":"Suite aux incendies qui ont fait plus de 69 d\u00e9c\u00e8s \u00e0 Tizi Ouzou : La solidarit\u00e9 avec les familles sinistr\u00e9es prend forme"},"content":{"rendered":"<div>\n<div class=\"sriret\"><img decoding=\"async\" src=\"https:\/\/linitiative.ca\/International\/wp-content\/uploads\/sites\/23\/2021\/08\/default-picture-709x366_c-23.jpg\"><\/div>\n<p>Attis\u00e9s par la canicule, les feux de for\u00eat ont fait subir, mardi encore, une nuit cauchemardesque aux habitants de plusieurs localit\u00e9s de la wilaya de Tizi Ouzou.<\/p>\n<p>Les incendies ont \u00e9t\u00e9 des plus ravageurs, notamment dans la da\u00efra de Larba\u00e2 Nath Irathen. Des villages d\u2019A\u00eft Agouacha, \u00e0 quelques encablures du centre-ville de l\u2019ex-fort national, ont \u00e9t\u00e9 carr\u00e9ment d\u00e9vast\u00e9s par les flammes. Plusieurs bless\u00e9s et sept d\u00e9c\u00e8s ont \u00e9t\u00e9 enregistr\u00e9s dans cette commune. La localit\u00e9 de A\u00efn El Hammam a \u00e9t\u00e9 \u00e9galement durement touch\u00e9e par cette \u00e9preuve qui a co\u00fbt\u00e9 la vie \u00e0 six habitants de cette r\u00e9gion. M\u00eame situation \u00e0 Illoula Oumalou, o\u00f9 cinq citoyens sont d\u00e9c\u00e9d\u00e9s dans un incendie qui a ravag\u00e9 des habitations.<\/p>\n<p>*Retrouvez l\u2019int\u00e9gralit\u00e9 de nos articles sur la version papier<\/p>\n<p>\u00a0<\/p>\n<p>L\u2019article <a rel=\"nofollow\" href=\"https:\/\/www.elwatan.com\/edition\/actualite\/suite-aux-incendies-qui-ont-fait-plus-de-69-deces-a-tizi-ouzou-la-solidarite-avec-les-familles-sinistrees-prend-forme-12-08-2021\">Suite aux incendies qui ont fait plus de 69 d\u00e9c\u00e8s \u00e0 Tizi Ouzou : La solidarit\u00e9 avec les familles sinistr\u00e9es prend forme<\/a> est apparu en premier sur <a rel=\"nofollow\" href=\"https:\/\/www.elwatan.com\/\">El Watan<\/a>.<\/p>\n<\/div>\n<p>Auteur: Hicham Chouadria<br \/>\n<a href=\"https:\/\/www.elwatan.com\/edition\/actualite\/suite-aux-incendies-qui-ont-fait-plus-de-69-deces-a-tizi-ouzou-la-solidarite-avec-les-familles-sinistrees-prend-forme-12-08-2021\">Cliquez ici pour lire l&rsquo;article depuis sa source.<\/a><\/p>\n","protected":false},"excerpt":{"rendered":"<p>Attis\u00e9s par la canicule, les feux de for\u00eat ont fait subir, mardi encore, une nuit cauchemardesque aux habitants de plusieurs localit\u00e9s de la wilaya de Tizi Ouzou. Les incendies ont \u00e9t\u00e9 des plus ravageurs, notamment dans la da\u00efra de Larba\u00e2 Nath Irathen. Des villages d\u2019A\u00eft Agouacha, \u00e0 quelques encablures du centre-ville de l\u2019ex-fort national, ont [&hellip;]<\/p>\n","protected":false},"author":1743,"featured_media":0,"comment_status":"closed","ping_status":"closed","sticky":false,"template":"","format":"standard","meta":{"fifu_image_url":"https:\/\/www.elwatan.com\/wp-content\/themes\/spectr\/img\/default-picture-709x366_c.jpg","fifu_image_alt":"Suite aux incendies qui ont fait plus de 69 d\u00e9c\u00e8s \u00e0 Tizi Ouzou : La solidarit\u00e9 avec les familles sinistr\u00e9es prend forme","footnotes":""},"categories":[73,53],"tags":[],"class_list":["post-123968","post","type-post","status-publish","format-standard","hentry","category-actualite","category-algerie"],"_links":{"self":[{"href":"https:\/\/linitiative.ca\/International\/wp-json\/wp\/v2\/posts\/123968","targetHints":{"allow":["GET"]}}],"collection":[{"href":"https:\/\/linitiative.ca\/International\/wp-json\/wp\/v2\/posts"}],"about":[{"href":"https:\/\/linitiative.ca\/International\/wp-json\/wp\/v2\/types\/post"}],"author":[{"embeddable":true,"href":"https:\/\/linitiative.ca\/International\/wp-json\/wp\/v2\/users\/1743"}],"replies":[{"embeddable":true,"href":"https:\/\/linitiative.ca\/International\/wp-json\/wp\/v2\/comments?post=123968"}],"version-history":[{"count":0,"href":"https:\/\/linitiative.ca\/International\/wp-json\/wp\/v2\/posts\/123968\/revisions"}],"wp:attachment":[{"href":"https:\/\/linitiative.ca\/International\/wp-json\/wp\/v2\/media?parent=123968"}],"wp:term":[{"taxonomy":"category","embeddable":true,"href":"https:\/\/linitiative.ca\/International\/wp-json\/wp\/v2\/categories?post=123968"},{"taxonomy":"post_tag","embeddable":true,"href":"https:\/\/linitiative.ca\/International\/wp-json\/wp\/v2\/tags?post=123968"}],"curies":[{"name":"wp","href":"https:\/\/api.w.org\/{rel}","templated":true}]}}