{"id":123972,"date":"2021-08-12T05:31:00","date_gmt":"2021-08-12T09:31:00","guid":{"rendered":"https:\/\/linitiative.ca\/International\/sublime-exposition-divas-a-linstitut-du-monde-arabe-a-paris\/"},"modified":"2021-08-12T05:31:00","modified_gmt":"2021-08-12T09:31:00","slug":"sublime-exposition-divas-a-linstitut-du-monde-arabe-a-paris","status":"publish","type":"post","link":"https:\/\/linitiative.ca\/International\/sublime-exposition-divas-a-linstitut-du-monde-arabe-a-paris\/","title":{"rendered":"Sublime exposition -Divas- \u00e0 l\u2019institut du monde arabe \u00e0 Paris"},"content":{"rendered":"<div><img decoding=\"async\" src=\"https:\/\/linitiative.ca\/International\/wp-content\/uploads\/sites\/23\/2021\/08\/1628757060_article.jpg\" alt=\"Sublime exposition -Divas- \u00e0 l\u2019institut du monde arabe \u00e0 paris\" align=\"left\">Par Mohamed Larbi Bouguerra &#8211; Ah ! Quel bonheur ! Les voix sublimes d\u2019Oum Kalthoum, de Fayrouz, d\u2019Asmahan, de Warda\u2026 nous accueillent. Nostalgie ?\u00a0 Nostalgie peut-\u00eatre mais plong\u00e9e garantie dans le tarab, \u00e0 deux doigts de la Seine!<br \/>\nL\u2019IMA consacre en effet une belle exposition aux plus grandes artistes de la musique et du cin\u00e9ma arabes de 1920 \u00e0 1970 et ce jusqu\u2019au 26 septembre.<br \/>\nDans cette exposition, le visiteur, ravi, d\u00e9couvre la vie et l\u2019\u0153uvre des plus importantes chanteuses et actrices du monde arabe. Mounira -al- Mahdiyya (1885-1965), Badia Massabni (1892-1974), Oum Kalthoum, Asmahan, Fayrouz, Warda, Tahyyia Carioca, Samia Gamal, Le\u00efla Mourad, Sabah, Souad Hosni, &#8230;<\/p>\n<\/div>\n<p>Auteur:<br \/>\n<a href=\"https:\/\/www.leaders.com.tn\/article\/32273-sublime-exposition-divas-a-l-institut-du-monde-arabe-a-paris\">Cliquez ici pour lire l&rsquo;article depuis sa source.<\/a><\/p>\n","protected":false},"excerpt":{"rendered":"<p>Par Mohamed Larbi Bouguerra &#8211; Ah ! Quel bonheur ! Les voix sublimes d\u2019Oum Kalthoum, de Fayrouz, d\u2019Asmahan, de Warda\u2026 nous accueillent. Nostalgie ?\u00a0 Nostalgie peut-\u00eatre mais plong\u00e9e garantie dans le tarab, \u00e0 deux doigts de la Seine! L\u2019IMA consacre en effet une belle exposition aux plus grandes artistes de la musique et du cin\u00e9ma [&hellip;]<\/p>\n","protected":false},"author":1772,"featured_media":0,"comment_status":"closed","ping_status":"closed","sticky":false,"template":"","format":"standard","meta":{"fifu_image_url":"http:\/\/www.leaders.com.tn\/uploads\/content\/thumbnails_small\/1628757060_article.jpg","fifu_image_alt":"Sublime exposition -Divas- \u00e0 l\u2019institut du monde arabe \u00e0 Paris","footnotes":""},"categories":[73,55],"tags":[],"class_list":["post-123972","post","type-post","status-publish","format-standard","hentry","category-actualite","category-tunisie"],"_links":{"self":[{"href":"https:\/\/linitiative.ca\/International\/wp-json\/wp\/v2\/posts\/123972","targetHints":{"allow":["GET"]}}],"collection":[{"href":"https:\/\/linitiative.ca\/International\/wp-json\/wp\/v2\/posts"}],"about":[{"href":"https:\/\/linitiative.ca\/International\/wp-json\/wp\/v2\/types\/post"}],"author":[{"embeddable":true,"href":"https:\/\/linitiative.ca\/International\/wp-json\/wp\/v2\/users\/1772"}],"replies":[{"embeddable":true,"href":"https:\/\/linitiative.ca\/International\/wp-json\/wp\/v2\/comments?post=123972"}],"version-history":[{"count":0,"href":"https:\/\/linitiative.ca\/International\/wp-json\/wp\/v2\/posts\/123972\/revisions"}],"wp:attachment":[{"href":"https:\/\/linitiative.ca\/International\/wp-json\/wp\/v2\/media?parent=123972"}],"wp:term":[{"taxonomy":"category","embeddable":true,"href":"https:\/\/linitiative.ca\/International\/wp-json\/wp\/v2\/categories?post=123972"},{"taxonomy":"post_tag","embeddable":true,"href":"https:\/\/linitiative.ca\/International\/wp-json\/wp\/v2\/tags?post=123972"}],"curies":[{"name":"wp","href":"https:\/\/api.w.org\/{rel}","templated":true}]}}