{"id":123980,"date":"2021-08-12T11:57:00","date_gmt":"2021-08-12T15:57:00","guid":{"rendered":"https:\/\/linitiative.ca\/International\/hager-ben-cheikh-ahmed-lepopee-feministe-tunisienne\/"},"modified":"2021-08-12T11:57:00","modified_gmt":"2021-08-12T15:57:00","slug":"hager-ben-cheikh-ahmed-lepopee-feministe-tunisienne","status":"publish","type":"post","link":"https:\/\/linitiative.ca\/International\/hager-ben-cheikh-ahmed-lepopee-feministe-tunisienne\/","title":{"rendered":"Hager Ben Cheikh Ahmed: L&rsquo;\u00e9pop\u00e9e f\u00e9ministe tunisienne"},"content":{"rendered":"<div><img decoding=\"async\" src=\"https:\/\/linitiative.ca\/International\/wp-content\/uploads\/sites\/23\/2021\/08\/1628785673_article.jpg\" alt=\"Hager Ben Cheikh Ahmed: L\" f tunisienne align=\"left\">Depuis des si\u00e8cles, la femme tunisienne joue un r\u00f4le crucial dans l&rsquo;histoire du pays, que ce soit pour la construction d&rsquo;un Etat moderne ou dans le processus de d\u00e9veloppement, et le statut privil\u00e9gi\u00e9 dont elle jouit aujourd&rsquo;hui n&rsquo;est que l&rsquo;aboutissement historique de ses combats sur divers champs de bataille. Un parcours qui depuis des si\u00e8cles regorge de luttes pour l&rsquo;ind\u00e9pendance et la libert\u00e9, pour les droits et libert\u00e9s, pour l&rsquo;am\u00e9lioration du statut personnel, mais aussi combats contre l&rsquo;ignorance, l&rsquo;obscurantisme, la pauvret\u00e9 et autres fl\u00e9aux sociaux.<br \/>\nPourtant, les questions f\u00e9minines sont encore des sujets qui divisent et soul\u00e8vent souvent des pol\u00e9miques interminables. &#8230;<\/p>\n<\/div>\n<p>Auteur:<br \/>\n<a href=\"https:\/\/www.leaders.com.tn\/article\/32279-hager-ben-cheikh-ahmed-l-epopee-feministe-tunisienne\">Cliquez ici pour lire l&rsquo;article depuis sa source.<\/a><\/p>\n","protected":false},"excerpt":{"rendered":"<p>Depuis des si\u00e8cles, la femme tunisienne joue un r\u00f4le crucial dans l&rsquo;histoire du pays, que ce soit pour la construction d&rsquo;un Etat moderne ou dans le processus de d\u00e9veloppement, et le statut privil\u00e9gi\u00e9 dont elle jouit aujourd&rsquo;hui n&rsquo;est que l&rsquo;aboutissement historique de ses combats sur divers champs de bataille. Un parcours qui depuis des si\u00e8cles [&hellip;]<\/p>\n","protected":false},"author":1772,"featured_media":0,"comment_status":"closed","ping_status":"closed","sticky":false,"template":"","format":"standard","meta":{"fifu_image_url":"http:\/\/www.leaders.com.tn\/uploads\/content\/thumbnails_small\/1628785673_article.jpg","fifu_image_alt":"<div>Hager Ben Cheikh Ahmed: L'\u00e9pop\u00e9e f\u00e9ministe tunisienne<\/div>","footnotes":""},"categories":[73,55],"tags":[],"class_list":["post-123980","post","type-post","status-publish","format-standard","hentry","category-actualite","category-tunisie"],"_links":{"self":[{"href":"https:\/\/linitiative.ca\/International\/wp-json\/wp\/v2\/posts\/123980","targetHints":{"allow":["GET"]}}],"collection":[{"href":"https:\/\/linitiative.ca\/International\/wp-json\/wp\/v2\/posts"}],"about":[{"href":"https:\/\/linitiative.ca\/International\/wp-json\/wp\/v2\/types\/post"}],"author":[{"embeddable":true,"href":"https:\/\/linitiative.ca\/International\/wp-json\/wp\/v2\/users\/1772"}],"replies":[{"embeddable":true,"href":"https:\/\/linitiative.ca\/International\/wp-json\/wp\/v2\/comments?post=123980"}],"version-history":[{"count":0,"href":"https:\/\/linitiative.ca\/International\/wp-json\/wp\/v2\/posts\/123980\/revisions"}],"wp:attachment":[{"href":"https:\/\/linitiative.ca\/International\/wp-json\/wp\/v2\/media?parent=123980"}],"wp:term":[{"taxonomy":"category","embeddable":true,"href":"https:\/\/linitiative.ca\/International\/wp-json\/wp\/v2\/categories?post=123980"},{"taxonomy":"post_tag","embeddable":true,"href":"https:\/\/linitiative.ca\/International\/wp-json\/wp\/v2\/tags?post=123980"}],"curies":[{"name":"wp","href":"https:\/\/api.w.org\/{rel}","templated":true}]}}