{"id":123982,"date":"2021-08-12T08:28:36","date_gmt":"2021-08-12T12:28:36","guid":{"rendered":"https:\/\/linitiative.ca\/International\/tests-pcr-et-laboratoires-danalyses-quand-la-toile-secharpe-sur-le-sujet\/"},"modified":"2021-08-12T08:28:36","modified_gmt":"2021-08-12T12:28:36","slug":"tests-pcr-et-laboratoires-danalyses-quand-la-toile-secharpe-sur-le-sujet","status":"publish","type":"post","link":"https:\/\/linitiative.ca\/International\/tests-pcr-et-laboratoires-danalyses-quand-la-toile-secharpe-sur-le-sujet\/","title":{"rendered":"Tests PCR et laboratoires d\u2019analyses. Quand la toile s\u2019\u00e9charpe sur le sujet"},"content":{"rendered":"<div><img decoding=\"async\" width=\"850\" height=\"570\" src=\"https:\/\/linitiative.ca\/International\/wp-content\/uploads\/sites\/23\/2021\/08\/labo-covid.jpg\" class=\"attachment-post-thumbnail size-post-thumbnail wp-post-image\" alt=\"\" loading=\"lazy\" srcset=\"https:\/\/linitiative.ca\/International\/wp-content\/uploads\/sites\/23\/2021\/08\/labo-covid.jpg 850w, https:\/\/www.challenge.ma\/wp-content\/uploads\/2021\/08\/labo-covid-300x201.jpg 300w, https:\/\/www.challenge.ma\/wp-content\/uploads\/2021\/08\/labo-covid-768x515.jpg 768w, https:\/\/www.challenge.ma\/wp-content\/uploads\/2021\/08\/labo-covid-360x241.jpg 360w, https:\/\/www.challenge.ma\/wp-content\/uploads\/2021\/08\/labo-covid-750x503.jpg 750w\" sizes=\"auto, (max-width: 850px) 100vw, 850px\" itemprop=\"image\">C\u2019est \u00e0 coup de \u00abposts\u00bb argument\u00e9s, et parfois rageurs, que certains internautes du Royaume ont \u00e9chang\u00e9 ses derniers jours sur un sujet relatif aux tests PCR effectu\u00e9s notamment par les laboratoires d\u2019analyses. Selon les dires des amateurs de r\u00e9seaux sociaux, ces plateformes m\u00e9dicales tireraient avantageusement leur \u00e9pingle du jeu dans<\/div>\n<p>Auteur: challenge<br \/>\n<a href=\"https:\/\/www.challenge.ma\/tests-pcr-et-laboratoires-danalyses-quand-la-toile-secharpe-sur-le-sujet-195550\/\">Cliquez ici pour lire l&rsquo;article depuis sa source.<\/a><\/p>\n","protected":false},"excerpt":{"rendered":"<p>C\u2019est \u00e0 coup de \u00abposts\u00bb argument\u00e9s, et parfois rageurs, que certains internautes du Royaume ont \u00e9chang\u00e9 ses derniers jours sur un sujet relatif aux tests PCR effectu\u00e9s notamment par les laboratoires d\u2019analyses. Selon les dires des amateurs de r\u00e9seaux sociaux, ces plateformes m\u00e9dicales tireraient avantageusement leur \u00e9pingle du jeu dans Auteur: challenge Cliquez ici pour [&hellip;]<\/p>\n","protected":false},"author":1787,"featured_media":0,"comment_status":"closed","ping_status":"closed","sticky":false,"template":"","format":"standard","meta":{"fifu_image_url":"https:\/\/www.challenge.ma\/wp-content\/uploads\/2021\/08\/labo-covid.jpg","fifu_image_alt":"Tests PCR et laboratoires d\u2019analyses. Quand la toile s\u2019\u00e9charpe sur le sujet","footnotes":""},"categories":[78,54],"tags":[],"class_list":["post-123982","post","type-post","status-publish","format-standard","hentry","category-economie","category-maroc"],"_links":{"self":[{"href":"https:\/\/linitiative.ca\/International\/wp-json\/wp\/v2\/posts\/123982","targetHints":{"allow":["GET"]}}],"collection":[{"href":"https:\/\/linitiative.ca\/International\/wp-json\/wp\/v2\/posts"}],"about":[{"href":"https:\/\/linitiative.ca\/International\/wp-json\/wp\/v2\/types\/post"}],"author":[{"embeddable":true,"href":"https:\/\/linitiative.ca\/International\/wp-json\/wp\/v2\/users\/1787"}],"replies":[{"embeddable":true,"href":"https:\/\/linitiative.ca\/International\/wp-json\/wp\/v2\/comments?post=123982"}],"version-history":[{"count":0,"href":"https:\/\/linitiative.ca\/International\/wp-json\/wp\/v2\/posts\/123982\/revisions"}],"wp:attachment":[{"href":"https:\/\/linitiative.ca\/International\/wp-json\/wp\/v2\/media?parent=123982"}],"wp:term":[{"taxonomy":"category","embeddable":true,"href":"https:\/\/linitiative.ca\/International\/wp-json\/wp\/v2\/categories?post=123982"},{"taxonomy":"post_tag","embeddable":true,"href":"https:\/\/linitiative.ca\/International\/wp-json\/wp\/v2\/tags?post=123982"}],"curies":[{"name":"wp","href":"https:\/\/api.w.org\/{rel}","templated":true}]}}