{"id":123992,"date":"2021-08-12T14:53:08","date_gmt":"2021-08-12T18:53:08","guid":{"rendered":"https:\/\/linitiative.ca\/International\/beja-le-directeur-regional-de-la-protection-civile-audio-les-incendies-declenches-sont-dorigine-humaine\/"},"modified":"2021-08-12T14:53:08","modified_gmt":"2021-08-12T18:53:08","slug":"beja-le-directeur-regional-de-la-protection-civile-audio-les-incendies-declenches-sont-dorigine-humaine","status":"publish","type":"post","link":"https:\/\/linitiative.ca\/International\/beja-le-directeur-regional-de-la-protection-civile-audio-les-incendies-declenches-sont-dorigine-humaine\/","title":{"rendered":"B\u00e9ja- Le Directeur R\u00e9gional de la Protection Civile [AUDIO] : Les incendies d\u00e9clench\u00e9s sont d\u2019origine humaine"},"content":{"rendered":"<div>\n<p>Un certain nombre de d\u00e9l\u00e9gations du gouvernorat de B\u00e9ja, telles que celles de Thibar et Amdoun, ont \u00e9t\u00e9 t\u00e9moins de d\u00e9clenchement simultan\u00e9 de plusieurs incendies dans plusieurs zones, selon le Directeur R\u00e9gional de la Protection Civile de B\u00e9ja, Mounir Riabi. Dans une d\u00e9claration \u00e0 Tunisienumerique, Riabi a ajout\u00e9 que les incendies de for\u00eats sont \u00e0 [\u2026]<\/p>\n<p>L\u2019article <a href=\"https:\/\/www.tunisienumerique.com\/beja-le-directeur-regional-de-la-protection-civile-audio-les-incendies-declenches-sont-dorigine-humaine\/\">B\u00e9ja- Le Directeur R\u00e9gional de la Protection Civile [AUDIO] : Les incendies d\u00e9clench\u00e9s sont d\u2019origine humaine<\/a> est apparu en premier sur <a href=\"https:\/\/www.tunisienumerique.com\/\">Tunisie<\/a>.<\/p>\n<\/div>\n<p>Auteur: rania ben slimane<br \/>\n<a href=\"https:\/\/www.tunisienumerique.com\/beja-le-directeur-regional-de-la-protection-civile-audio-les-incendies-declenches-sont-dorigine-humaine\/\">Cliquez ici pour lire l&rsquo;article depuis sa source.<\/a><\/p>\n","protected":false},"excerpt":{"rendered":"<p>Un certain nombre de d\u00e9l\u00e9gations du gouvernorat de B\u00e9ja, telles que celles de Thibar et Amdoun, ont \u00e9t\u00e9 t\u00e9moins de d\u00e9clenchement simultan\u00e9 de plusieurs incendies dans plusieurs zones, selon le Directeur R\u00e9gional de la Protection Civile de B\u00e9ja, Mounir Riabi. Dans une d\u00e9claration \u00e0 Tunisienumerique, Riabi a ajout\u00e9 que les incendies de for\u00eats sont \u00e0 [&hellip;]<\/p>\n","protected":false},"author":1789,"featured_media":0,"comment_status":"closed","ping_status":"closed","sticky":false,"template":"","format":"standard","meta":{"fifu_image_url":"","fifu_image_alt":"","footnotes":""},"categories":[73,55],"tags":[],"class_list":["post-123992","post","type-post","status-publish","format-standard","hentry","category-actualite","category-tunisie"],"_links":{"self":[{"href":"https:\/\/linitiative.ca\/International\/wp-json\/wp\/v2\/posts\/123992","targetHints":{"allow":["GET"]}}],"collection":[{"href":"https:\/\/linitiative.ca\/International\/wp-json\/wp\/v2\/posts"}],"about":[{"href":"https:\/\/linitiative.ca\/International\/wp-json\/wp\/v2\/types\/post"}],"author":[{"embeddable":true,"href":"https:\/\/linitiative.ca\/International\/wp-json\/wp\/v2\/users\/1789"}],"replies":[{"embeddable":true,"href":"https:\/\/linitiative.ca\/International\/wp-json\/wp\/v2\/comments?post=123992"}],"version-history":[{"count":0,"href":"https:\/\/linitiative.ca\/International\/wp-json\/wp\/v2\/posts\/123992\/revisions"}],"wp:attachment":[{"href":"https:\/\/linitiative.ca\/International\/wp-json\/wp\/v2\/media?parent=123992"}],"wp:term":[{"taxonomy":"category","embeddable":true,"href":"https:\/\/linitiative.ca\/International\/wp-json\/wp\/v2\/categories?post=123992"},{"taxonomy":"post_tag","embeddable":true,"href":"https:\/\/linitiative.ca\/International\/wp-json\/wp\/v2\/tags?post=123992"}],"curies":[{"name":"wp","href":"https:\/\/api.w.org\/{rel}","templated":true}]}}