{"id":123994,"date":"2021-08-12T15:27:23","date_gmt":"2021-08-12T19:27:23","guid":{"rendered":"https:\/\/linitiative.ca\/International\/sfax-video-manifestation-des-supporters-du-club-sportif-sfaxien\/"},"modified":"2021-08-12T15:27:23","modified_gmt":"2021-08-12T19:27:23","slug":"sfax-video-manifestation-des-supporters-du-club-sportif-sfaxien","status":"publish","type":"post","link":"https:\/\/linitiative.ca\/International\/sfax-video-manifestation-des-supporters-du-club-sportif-sfaxien\/","title":{"rendered":"Sfax [VIDEO] : Manifestation des supporters du Club Sportif Sfaxien"},"content":{"rendered":"<div>\n<p>Des supporters de Club Sportif Sfaxien ont entam\u00e9 une manifestation aujourd\u2019hui 12 ao\u00fbt 2021. Certains ont confi\u00e9 au correspondant de Tunisienumerique \u00e0 Sfax qu\u2019ils d\u00e9noncent les agissements du pr\u00e9sident du Club, Moncef Khemakhem, indiquant qu\u2019il est de leur devoir de sauver le CSS. \u00ab\u00a0Nous demandons gentiment au pr\u00e9sident du Club de d\u00e9missionner et d\u2019effectuer une [\u2026]<\/p>\n<p>L\u2019article <a href=\"https:\/\/www.tunisienumerique.com\/sfax-video-manifestation-des-supporters-du-club-sportif-sfaxien\/\">Sfax [VIDEO] : Manifestation des supporters du Club Sportif Sfaxien<\/a> est apparu en premier sur <a href=\"https:\/\/www.tunisienumerique.com\/\">Tunisie<\/a>.<\/p>\n<\/div>\n<p>Auteur: rania ben slimane<br \/>\n<a href=\"https:\/\/www.tunisienumerique.com\/sfax-video-manifestation-des-supporters-du-club-sportif-sfaxien\/\">Cliquez ici pour lire l&rsquo;article depuis sa source.<\/a><\/p>\n","protected":false},"excerpt":{"rendered":"<p>Des supporters de Club Sportif Sfaxien ont entam\u00e9 une manifestation aujourd\u2019hui 12 ao\u00fbt 2021. Certains ont confi\u00e9 au correspondant de Tunisienumerique \u00e0 Sfax qu\u2019ils d\u00e9noncent les agissements du pr\u00e9sident du Club, Moncef Khemakhem, indiquant qu\u2019il est de leur devoir de sauver le CSS. \u00ab\u00a0Nous demandons gentiment au pr\u00e9sident du Club de d\u00e9missionner et d\u2019effectuer une [&hellip;]<\/p>\n","protected":false},"author":1789,"featured_media":0,"comment_status":"closed","ping_status":"closed","sticky":false,"template":"","format":"standard","meta":{"fifu_image_url":"","fifu_image_alt":"","footnotes":""},"categories":[73,55],"tags":[],"class_list":["post-123994","post","type-post","status-publish","format-standard","hentry","category-actualite","category-tunisie"],"_links":{"self":[{"href":"https:\/\/linitiative.ca\/International\/wp-json\/wp\/v2\/posts\/123994","targetHints":{"allow":["GET"]}}],"collection":[{"href":"https:\/\/linitiative.ca\/International\/wp-json\/wp\/v2\/posts"}],"about":[{"href":"https:\/\/linitiative.ca\/International\/wp-json\/wp\/v2\/types\/post"}],"author":[{"embeddable":true,"href":"https:\/\/linitiative.ca\/International\/wp-json\/wp\/v2\/users\/1789"}],"replies":[{"embeddable":true,"href":"https:\/\/linitiative.ca\/International\/wp-json\/wp\/v2\/comments?post=123994"}],"version-history":[{"count":0,"href":"https:\/\/linitiative.ca\/International\/wp-json\/wp\/v2\/posts\/123994\/revisions"}],"wp:attachment":[{"href":"https:\/\/linitiative.ca\/International\/wp-json\/wp\/v2\/media?parent=123994"}],"wp:term":[{"taxonomy":"category","embeddable":true,"href":"https:\/\/linitiative.ca\/International\/wp-json\/wp\/v2\/categories?post=123994"},{"taxonomy":"post_tag","embeddable":true,"href":"https:\/\/linitiative.ca\/International\/wp-json\/wp\/v2\/tags?post=123994"}],"curies":[{"name":"wp","href":"https:\/\/api.w.org\/{rel}","templated":true}]}}