{"id":123997,"date":"2021-08-12T15:35:52","date_gmt":"2021-08-12T19:35:52","guid":{"rendered":"https:\/\/linitiative.ca\/International\/remise-annoncee-domar-el-bechir-a-la-cpi\/"},"modified":"2021-08-12T15:35:52","modified_gmt":"2021-08-12T19:35:52","slug":"remise-annoncee-domar-el-bechir-a-la-cpi","status":"publish","type":"post","link":"https:\/\/linitiative.ca\/International\/remise-annoncee-domar-el-bechir-a-la-cpi\/","title":{"rendered":"REMISE ANNONCEE D\u2019OMAR EL BECHIR A LA CPI  \u00a0"},"content":{"rendered":"<div>\n<p><img decoding=\"async\" width=\"768\" height=\"432\" src=\"https:\/\/linitiative.ca\/International\/wp-content\/uploads\/sites\/23\/2021\/08\/Omar-El-BeCC81chir-1.jpg\" class=\"attachment- size- wp-post-image\" alt=\"\" loading=\"lazy\" style=\"float:left; margin:0 15px 15px 0;\" srcset=\"https:\/\/linitiative.ca\/International\/wp-content\/uploads\/sites\/23\/2021\/08\/Omar-El-BeCC81chir-1.jpg 768w, https:\/\/lepays.bf\/wp-content\/uploads\/2021\/08\/Omar-El-Be\u0301chir-1-300x169.jpg 300w, https:\/\/lepays.bf\/wp-content\/uploads\/2021\/08\/Omar-El-Be\u0301chir-1-390x220.jpg 390w\" sizes=\"auto, (max-width: 768px) 100vw, 768px\">Apr\u00e8s trente ans de r\u00e8gne sans partage, Omar El B\u00e9chir, destitu\u00e9 par l\u2019arm\u00e9e catapult\u00e9e par une rue en col\u00e8re, doit r\u00e9pondre des crimes \u00e0 lui reproch\u00e9s devant la Cour p\u00e9nale internationale (CPI). Il aura \u00e0 ses c\u00f4t\u00e9s l\u2019ex-gouverneur de l\u2019Etat du Kordofan-Sud, Ahmed Haroun et l\u2019ancien ministre de la D\u00e9fense, Abdel Rahim Mohamed. Ainsi en \u2026<\/p>\n<p>L\u2019article <a rel=\"nofollow\" href=\"https:\/\/lepays.bf\/remise-annoncee-domar-el-bechir-a-la-cpi-2\/\">REMISE ANNONCEE D\u2019OMAR EL BECHIR A LA CPI  \u00a0<\/a> est apparu en premier sur <a rel=\"nofollow\" href=\"https:\/\/lepays.bf\/\">Editions Le Pays<\/a>.<\/p>\n<\/div>\n<p>Auteur: Editions LEPAYS<br \/>\n<a href=\"https:\/\/lepays.bf\/remise-annoncee-domar-el-bechir-a-la-cpi-2\/\">Cliquez ici pour lire l&rsquo;article depuis sa source.<\/a><\/p>\n","protected":false},"excerpt":{"rendered":"<p>Apr\u00e8s trente ans de r\u00e8gne sans partage, Omar El B\u00e9chir, destitu\u00e9 par l\u2019arm\u00e9e catapult\u00e9e par une rue en col\u00e8re, doit r\u00e9pondre des crimes \u00e0 lui reproch\u00e9s devant la Cour p\u00e9nale internationale (CPI). Il aura \u00e0 ses c\u00f4t\u00e9s l\u2019ex-gouverneur de l\u2019Etat du Kordofan-Sud, Ahmed Haroun et l\u2019ancien ministre de la D\u00e9fense, Abdel Rahim Mohamed. Ainsi en [&hellip;]<\/p>\n","protected":false},"author":1813,"featured_media":0,"comment_status":"closed","ping_status":"closed","sticky":false,"template":"","format":"standard","meta":{"fifu_image_url":"https:\/\/lepays.bf\/wp-content\/uploads\/2021\/08\/Omar-El-Be\u0301chir-1.jpg","fifu_image_alt":"REMISE ANNONCEE D\u2019OMAR EL BECHIR A LA CPI  \u00a0","footnotes":""},"categories":[73,81],"tags":[],"class_list":["post-123997","post","type-post","status-publish","format-standard","hentry","category-actualite","category-burkina-faso"],"_links":{"self":[{"href":"https:\/\/linitiative.ca\/International\/wp-json\/wp\/v2\/posts\/123997","targetHints":{"allow":["GET"]}}],"collection":[{"href":"https:\/\/linitiative.ca\/International\/wp-json\/wp\/v2\/posts"}],"about":[{"href":"https:\/\/linitiative.ca\/International\/wp-json\/wp\/v2\/types\/post"}],"author":[{"embeddable":true,"href":"https:\/\/linitiative.ca\/International\/wp-json\/wp\/v2\/users\/1813"}],"replies":[{"embeddable":true,"href":"https:\/\/linitiative.ca\/International\/wp-json\/wp\/v2\/comments?post=123997"}],"version-history":[{"count":0,"href":"https:\/\/linitiative.ca\/International\/wp-json\/wp\/v2\/posts\/123997\/revisions"}],"wp:attachment":[{"href":"https:\/\/linitiative.ca\/International\/wp-json\/wp\/v2\/media?parent=123997"}],"wp:term":[{"taxonomy":"category","embeddable":true,"href":"https:\/\/linitiative.ca\/International\/wp-json\/wp\/v2\/categories?post=123997"},{"taxonomy":"post_tag","embeddable":true,"href":"https:\/\/linitiative.ca\/International\/wp-json\/wp\/v2\/tags?post=123997"}],"curies":[{"name":"wp","href":"https:\/\/api.w.org\/{rel}","templated":true}]}}