{"id":123999,"date":"2021-08-12T07:43:45","date_gmt":"2021-08-12T11:43:45","guid":{"rendered":"https:\/\/linitiative.ca\/International\/proces-de-presumes-terroristes-3-dossiers-renvoyes-a-cause-dun-mouvement-dhumeur-des-gsp\/"},"modified":"2021-08-12T07:43:45","modified_gmt":"2021-08-12T11:43:45","slug":"proces-de-presumes-terroristes-3-dossiers-renvoyes-a-cause-dun-mouvement-dhumeur-des-gsp","status":"publish","type":"post","link":"https:\/\/linitiative.ca\/International\/proces-de-presumes-terroristes-3-dossiers-renvoyes-a-cause-dun-mouvement-dhumeur-des-gsp\/","title":{"rendered":"Proc\u00e8s de pr\u00e9sum\u00e9s terroristes\u00a0: 3 dossiers renvoy\u00e9s \u00e0 cause d\u2019un mouvement d\u2019humeur des GSP"},"content":{"rendered":"<div>\n<p><strong>La Chambre correctionnelle sp\u00e9cialis\u00e9e du p\u00f4le judiciaire sp\u00e9cialis\u00e9 dans la r\u00e9pression des actes de terrorisme du Tribunal de grande instance Ouaga II a renvoy\u00e9 \u00e0 la session prochaine, le jeudi 12 ao\u00fbt 2021, \u00e0 Ouagadougou, les trois dossiers au quatri\u00e8me jour des audiences du proc\u00e8s des pr\u00e9sum\u00e9s terroristes \u00e0 cause d\u2019un mouvement d\u2019humeur des services d\u2019escorte de la Garde de s\u00e9curit\u00e9 p\u00e9nitentiaire. \u00a0<\/strong><\/p>\n<p>Moins d\u2019un quart d\u2019heure, c\u2019est le temps qu\u2019a dur\u00e9 l\u2019audience du proc\u00e8s des pr\u00e9sum\u00e9s terroristes au quatri\u00e8me jour de la premi\u00e8re session de la Chambre correctionnelle sp\u00e9cialis\u00e9e du p\u00f4le judiciaire sp\u00e9cialis\u00e9 dans la r\u00e9pression des actes de terrorisme du Tribunal de grande instance Ouaga II, le jeudi 12 ao\u00fbt 2021, \u00e0 Ouagadougou. Les trois dossiers inscrits pour jugement ont \u00e9t\u00e9 renvoy\u00e9s \u00e0 la session prochaine de la Chambre \u00e0 cause d\u2019un mouvement d\u2019humeur du service d\u2019escorte de la Garde de s\u00e9curit\u00e9 p\u00e9nitentiaire (GSP). Dans ses r\u00e9quisitions pr\u00e9liminaires, le procureur du Faso a indiqu\u00e9 qu\u2019il a eu l\u2019information de la poursuite du mouvement d\u2019humeur de ce service. \u00ab <em>Nous avons eu l\u2019information que le mouvement d\u2019humeur du service d\u2019escorte de la Garde de s\u00e9curit\u00e9 p\u00e9nitentiaire continue. Aucun pr\u00e9venu n\u2019a \u00e9t\u00e9 pr\u00e9sent\u00e9 \u00e0 la barre.\u00a0 Ce qui fait que nous sommes oblig\u00e9s de renvoyer les dossiers \u00e0 la session prochaine<\/em>\u00a0\u00bb, a-t-il soutenu. Il s\u2019est excus\u00e9 aupr\u00e8s de l\u2019assistance venue suivre les audiences du jour. \u00ab\u00a0<em>Nous sommes d\u00e9sol\u00e9s de ne pouvoir, ce matin, vous permettre de suivre le jugement<\/em>\u00a0\u00bb, a-t-il d\u00e9plor\u00e9 avant de remettre la parole au pr\u00e9sident de la s\u00e9ance.<\/p>\n<p>A son tour, celui-ci a aussi pr\u00e9sent\u00e9 ses excuses au public. \u00ab\u00a0<em>Le tribunal tient \u00e0 s\u2019excuser comme le procureur du Faso et \u00e0 esp\u00e9rer qu\u2019au dernier jour, les dossiers pr\u00e9vus seront jug\u00e9s<\/em>\u00a0\u00bb, a-t-il dit. Il a fait savoir que dans le cadre de ce proc\u00e8s, plusieurs acteurs interviennent et s\u2019il y a un maillon qui manque, la cha\u00eene est bloqu\u00e9e. \u00ab\u00a0<em>Nous, nous sommes l\u00e0 pour juger et malheureusement, on constate qu\u2019il n\u2019y a pas de pr\u00e9venus<\/em>\u00a0\u00bb, a-t-il laiss\u00e9 entendre. Avant de suspendre l\u2019audience, il a cit\u00e9 les dossiers inscrits au r\u00f4le. Le premier dossier met en cause D. A. qui est poursuivi pour association de malfaiteurs en lien avec le terrorisme. Le deuxi\u00e8me dossier oppose le minist\u00e8re public \u00e0 D. D. Il est reproch\u00e9 \u00e0 celui-ci d\u2019association de malfaiteurs en lien avec le terrorisme, de formation et maniement d\u2019armes en relation avec une entreprise terroriste. Le troisi\u00e8me dossier concerne D. A. S. accus\u00e9 d\u2019assassinat, d\u2019association de malfaiteurs en lien avec le terrorisme, d\u2019attentat \u00e0 l\u2019explosif \u00e0 caract\u00e8re terroriste. Le proc\u00e8s des pr\u00e9sum\u00e9s terroristes reprend, le vendredi 13 ao\u00fbt 2021, \u00e0 partir de 9 heures au Tribunal de grande instance Ouaga II avec les derniers dossiers de cette premi\u00e8re session de la Chambre correctionnelle sp\u00e9cialis\u00e9e du p\u00f4le judiciaire sp\u00e9cialis\u00e9 dans la r\u00e9pression des actes de terrorisme.<\/p>\n<p style=\"text-align: right\"><strong>Sidgomd\u00e9<\/strong><\/p>\n<p>L\u2019article <a rel=\"nofollow\" href=\"https:\/\/www.sidwaya.info\/blog\/2021\/08\/12\/proces-de-presumes-terroristes-3-dossiers-renvoyes-a-cause-dun-mouvement-dhumeur-des-gsp\/\">Proc\u00e8s de pr\u00e9sum\u00e9s terroristes\u00a0: 3 dossiers renvoy\u00e9s \u00e0 cause d\u2019un mouvement d\u2019humeur des GSP<\/a> est apparu en premier sur <a rel=\"nofollow\" href=\"https:\/\/www.sidwaya.info\/\">Quotidien Sidwaya<\/a>.<\/p>\n<\/div>\n<p>Auteur: Wamini SIDWAYA<br \/>\n<a href=\"https:\/\/www.sidwaya.info\/blog\/2021\/08\/12\/proces-de-presumes-terroristes-3-dossiers-renvoyes-a-cause-dun-mouvement-dhumeur-des-gsp\/\">Cliquez ici pour lire l&rsquo;article depuis sa source.<\/a><\/p>\n","protected":false},"excerpt":{"rendered":"<p>La Chambre correctionnelle sp\u00e9cialis\u00e9e du p\u00f4le judiciaire sp\u00e9cialis\u00e9 dans la r\u00e9pression des actes de terrorisme du Tribunal de grande instance Ouaga II a renvoy\u00e9 \u00e0 la session prochaine, le jeudi 12 ao\u00fbt 2021, \u00e0 Ouagadougou, les trois dossiers au quatri\u00e8me jour des audiences du proc\u00e8s des pr\u00e9sum\u00e9s terroristes \u00e0 cause d\u2019un mouvement d\u2019humeur des services [&hellip;]<\/p>\n","protected":false},"author":1816,"featured_media":0,"comment_status":"closed","ping_status":"closed","sticky":false,"template":"","format":"standard","meta":{"fifu_image_url":"","fifu_image_alt":"","footnotes":""},"categories":[73,81],"tags":[],"class_list":["post-123999","post","type-post","status-publish","format-standard","hentry","category-actualite","category-burkina-faso"],"_links":{"self":[{"href":"https:\/\/linitiative.ca\/International\/wp-json\/wp\/v2\/posts\/123999","targetHints":{"allow":["GET"]}}],"collection":[{"href":"https:\/\/linitiative.ca\/International\/wp-json\/wp\/v2\/posts"}],"about":[{"href":"https:\/\/linitiative.ca\/International\/wp-json\/wp\/v2\/types\/post"}],"author":[{"embeddable":true,"href":"https:\/\/linitiative.ca\/International\/wp-json\/wp\/v2\/users\/1816"}],"replies":[{"embeddable":true,"href":"https:\/\/linitiative.ca\/International\/wp-json\/wp\/v2\/comments?post=123999"}],"version-history":[{"count":0,"href":"https:\/\/linitiative.ca\/International\/wp-json\/wp\/v2\/posts\/123999\/revisions"}],"wp:attachment":[{"href":"https:\/\/linitiative.ca\/International\/wp-json\/wp\/v2\/media?parent=123999"}],"wp:term":[{"taxonomy":"category","embeddable":true,"href":"https:\/\/linitiative.ca\/International\/wp-json\/wp\/v2\/categories?post=123999"},{"taxonomy":"post_tag","embeddable":true,"href":"https:\/\/linitiative.ca\/International\/wp-json\/wp\/v2\/tags?post=123999"}],"curies":[{"name":"wp","href":"https:\/\/api.w.org\/{rel}","templated":true}]}}