{"id":124002,"date":"2021-08-12T17:36:09","date_gmt":"2021-08-12T21:36:09","guid":{"rendered":"https:\/\/linitiative.ca\/International\/fermeture-des-frontieres-la-croix-et-la-banniere-pour-les-vendeurs-datieke-de-bobo-dioulasso\/"},"modified":"2021-08-12T17:36:09","modified_gmt":"2021-08-12T21:36:09","slug":"fermeture-des-frontieres-la-croix-et-la-banniere-pour-les-vendeurs-datieke-de-bobo-dioulasso","status":"publish","type":"post","link":"https:\/\/linitiative.ca\/International\/fermeture-des-frontieres-la-croix-et-la-banniere-pour-les-vendeurs-datieke-de-bobo-dioulasso\/","title":{"rendered":"Fermeture des fronti\u00e8res : la croix et la banni\u00e8re pour les vendeurs d\u2019ati\u00e9k\u00e9 de Bobo-Dioulasso"},"content":{"rendered":"<div>\n<p><strong>Depuis le 21 mars 2020, les fronti\u00e8res terrestres du Burkina Faso sont ferm\u00e9es. Avec cette fermeture, toutes les marchandises qui quittent l\u2019ext\u00e9rieur pour le Burkina Faso rencontrent de nombreux probl\u00e8mes. Une situation qui a apport\u00e9 du plomb dans l\u2019aile des commer\u00e7ants d\u2019ati\u00e9k\u00e9 dans la ville de Bobo-Dioulasso. <\/strong><\/p>\n<figure id=\"attachment_38508\" aria-describedby=\"caption-attachment-38508\" style=\"width: 300px\" class=\"wp-caption alignleft\"><img decoding=\"async\" loading=\"lazy\" class=\"wp-image-38508 size-medium\" src=\"https:\/\/linitiative.ca\/International\/wp-content\/uploads\/sites\/23\/2021\/08\/3-6-300x225-1.jpg\" alt=\"\" width=\"300\" height=\"225\" srcset=\"https:\/\/linitiative.ca\/International\/wp-content\/uploads\/sites\/23\/2021\/08\/3-6-300x225-1.jpg 300w, https:\/\/www.sidwaya.info\/wp-content\/uploads\/2021\/08\/3-6-150x112.jpg 150w, https:\/\/www.sidwaya.info\/wp-content\/uploads\/2021\/08\/3-6-560x420.jpg 560w, https:\/\/www.sidwaya.info\/wp-content\/uploads\/2021\/08\/3-6-80x60.jpg 80w, https:\/\/www.sidwaya.info\/wp-content\/uploads\/2021\/08\/3-6-265x198.jpg 265w, https:\/\/www.sidwaya.info\/wp-content\/uploads\/2021\/08\/3-6.jpg 595w\" sizes=\"auto, (max-width: 300px) 100vw, 300px\"><figcaption id=\"caption-attachment-38508\" class=\"wp-caption-text\">Aminata Diallo interpelle directement les pr\u00e9sidents Roch Marc Christian Kabor\u00e9 et Alassane Ouattara \u00e0 s\u2019impliquer pour trouver une solution \u00e0 cette situation qu\u2019elle pense interminable.<\/figcaption><\/figure>\n<p>Aux environs de la cath\u00e9drale Notre- Dame de Lourdes de Bobo-Dioulasso, et en face de RAN H\u00f4tel, ils sont nombreux \u00e0 s\u2019y installer \u00e0 longueur de journ\u00e9e. Eux, ce sont les vendeurs d\u2019ati\u00e9k\u00e9 de la cit\u00e9 de Sya. Papa Solo, est l\u2019un d\u2019eux qui a fait du commerce de l\u2019ati\u00e9k\u00e9 son gagne-pain depuis des ann\u00e9es dans la capitale \u00e9conomique du Burkina Faso. Mais avec la fermeture des fronti\u00e8res terrestres en mars 2020 pour cause de la pand\u00e9mie \u00e0 coronavirus, Papa Solo, \u00e0 l\u2019image des autres commer\u00e7ants d\u2019ati\u00e9k\u00e9 \u00e0 Bobo-Dioulasso, \u00e9prouve d\u2019\u00e9normes difficult\u00e9s. C\u2019est la croix et la banni\u00e8re pour ceux-l\u00e0 qui faisaient de bonnes affaires avant cette crise sanitaire qui a plomb\u00e9 le monde \u00e9conomique. \u00ab Avec la fermeture des fronti\u00e8res due \u00e0 la maladie \u00e0 coronavirus, j\u2019ai perdu toute ma client\u00e8le. M\u00eame ceux qui me sont fid\u00e8les, doutent de la qualit\u00e9 du peu d\u2019ati\u00e9k\u00e9 qui est disponible. Car, ils se disent que c\u2019est de l\u2019ati\u00e9k\u00e9 pourri \u00bb, raconte avec amertume Papa Solo qui regrette que leurs marchandises prennent trop de temps sur la route avant de leur parvenir. Le retard de l\u2019ati\u00e9k\u00e9 d\u00fb \u00e0 la tra\u00eene sur la route, son \u00e9tat de putr\u00e9faction, ajout\u00e9 \u00e0 la chert\u00e9,\u2026 sont les difficult\u00e9s \u00e9gren\u00e9es par Balkissa Dao, vendeuse au march\u00e9 du secteur 22 de Sya.<\/p>\n<p>\u00ab La fermeture des fronti\u00e8res joue trop sur nous. Pas d\u2019entr\u00e9e de marchandises. Celles qui rentent sont aussi ch\u00e8res et en mauvais \u00e9tat. On peut acheter une marchandise \u00e0 20 000 FCFA pour se retrouver apr\u00e8s-vente avec 10 000 FCFA. C\u2019est une \u00e9norme perte pour nous \u00bb, argue la vendeuse d\u2019ati\u00e9t\u00e9, Balkissa Dao qui ajoute que les clients aussi se plaignent de la chert\u00e9 de leurs produits. Install\u00e9e aux abords de la SITARAIL, Aminata Diallo souligne que le march\u00e9 a baiss\u00e9, d\u00fb au long processus qu\u2019il faut pour avoir acc\u00e8s \u00e0 son ati\u00e9k\u00e9. \u00ab Il est difficile de se procurer l\u2019ati\u00e9k\u00e9. Nous sommes oblig\u00e9es, au regard du long trajet, de prendre avec celles qui bravent les tracasseries polici\u00e8res et douani\u00e8res \u00e0 des prix d\u2019or pour revendre \u00bb, explique Mme Diallo. En plus de l\u2019ati\u00e9k\u00e9, Oumou Ou\u00e9draogo, vend aussi du placali, les noix de palme et de la banane plantin au march\u00e9 du secteur 22. Des produits qu\u2019elle importe de la C\u00f4te d\u2019Ivoire.<\/p>\n<p>Comme les autres commer\u00e7ants, Mme Ou\u00e9draogo d\u00e9plore la fermeture des fronti\u00e8res qui ne leur rend pas la t\u00e2che facile. \u00ab Avant cette situation, on prenait les noix de palme \u00e0 400 FCFA la bo\u00eete. Mais depuis l\u2019av\u00e8nement de la COVID-19, c\u2019est \u00e0 650 FCFA que ces m\u00eames noix sont c\u00e9d\u00e9es. Pour avoir un peu, nous les revendons \u00e0 700FCFA la bo\u00eete. Un prix estim\u00e9 on\u00e9reux par les clients \u00bb, raconte dame Ou\u00e9draogo. Pour sortir de cette situation \u00ab agonisante \u00bb, Papa Solo invite les gouvernements du Burkina Faso et de la C\u00f4te d\u2019Ivoire \u00e0 songer \u00e0 la r\u00e9ouverture des fronti\u00e8res pour les soulager. M\u00eame son de cloche de Aminata Diallo qui interpelle directement les pr\u00e9sidents Roch Marc Christian Kabor\u00e9 et Alassane Ouattara \u00e0 s\u2019impliquer pour trouver une solution \u00e0 cette situation qu\u2019elle pense interminable.<\/p>\n<p style=\"text-align: right\"><strong>Pascaline KANI (Stagiaire) <\/strong><\/p>\n<p>L\u2019article <a rel=\"nofollow\" href=\"https:\/\/www.sidwaya.info\/blog\/2021\/08\/12\/fermeture-des-frontieres-la-croix-et-la-banniere-pour-les-vendeurs-datieke-de-bobo-dioulasso\/\">Fermeture des fronti\u00e8res : la croix et la banni\u00e8re pour les vendeurs d\u2019ati\u00e9k\u00e9 de Bobo-Dioulasso<\/a> est apparu en premier sur <a rel=\"nofollow\" href=\"https:\/\/www.sidwaya.info\/\">Quotidien Sidwaya<\/a>.<\/p>\n<\/div>\n<p>Auteur: BM. Sidwaya<br \/>\n<a href=\"https:\/\/www.sidwaya.info\/blog\/2021\/08\/12\/fermeture-des-frontieres-la-croix-et-la-banniere-pour-les-vendeurs-datieke-de-bobo-dioulasso\/\">Cliquez ici pour lire l&rsquo;article depuis sa source.<\/a><\/p>\n","protected":false},"excerpt":{"rendered":"<p>Depuis le 21 mars 2020, les fronti\u00e8res terrestres du Burkina Faso sont ferm\u00e9es. Avec cette fermeture, toutes les marchandises qui quittent l\u2019ext\u00e9rieur pour le Burkina Faso rencontrent de nombreux probl\u00e8mes. Une situation qui a apport\u00e9 du plomb dans l\u2019aile des commer\u00e7ants d\u2019ati\u00e9k\u00e9 dans la ville de Bobo-Dioulasso. Aminata Diallo interpelle directement les pr\u00e9sidents Roch Marc [&hellip;]<\/p>\n","protected":false},"author":1816,"featured_media":0,"comment_status":"closed","ping_status":"closed","sticky":false,"template":"","format":"standard","meta":{"fifu_image_url":"https:\/\/www.sidwaya.info\/wp-content\/uploads\/2021\/08\/3-6-300x225.jpg","fifu_image_alt":"Fermeture des fronti\u00e8res : la croix et la banni\u00e8re pour les vendeurs d\u2019ati\u00e9k\u00e9 de Bobo-Dioulasso","footnotes":""},"categories":[73,81],"tags":[],"class_list":["post-124002","post","type-post","status-publish","format-standard","hentry","category-actualite","category-burkina-faso"],"_links":{"self":[{"href":"https:\/\/linitiative.ca\/International\/wp-json\/wp\/v2\/posts\/124002","targetHints":{"allow":["GET"]}}],"collection":[{"href":"https:\/\/linitiative.ca\/International\/wp-json\/wp\/v2\/posts"}],"about":[{"href":"https:\/\/linitiative.ca\/International\/wp-json\/wp\/v2\/types\/post"}],"author":[{"embeddable":true,"href":"https:\/\/linitiative.ca\/International\/wp-json\/wp\/v2\/users\/1816"}],"replies":[{"embeddable":true,"href":"https:\/\/linitiative.ca\/International\/wp-json\/wp\/v2\/comments?post=124002"}],"version-history":[{"count":0,"href":"https:\/\/linitiative.ca\/International\/wp-json\/wp\/v2\/posts\/124002\/revisions"}],"wp:attachment":[{"href":"https:\/\/linitiative.ca\/International\/wp-json\/wp\/v2\/media?parent=124002"}],"wp:term":[{"taxonomy":"category","embeddable":true,"href":"https:\/\/linitiative.ca\/International\/wp-json\/wp\/v2\/categories?post=124002"},{"taxonomy":"post_tag","embeddable":true,"href":"https:\/\/linitiative.ca\/International\/wp-json\/wp\/v2\/tags?post=124002"}],"curies":[{"name":"wp","href":"https:\/\/api.w.org\/{rel}","templated":true}]}}