{"id":124006,"date":"2021-08-12T14:18:02","date_gmt":"2021-08-12T18:18:02","guid":{"rendered":"https:\/\/linitiative.ca\/International\/la-yorogang-celebre-lan-2-du-deces-de-dj-arafat-a-abidjan\/"},"modified":"2021-08-12T14:18:02","modified_gmt":"2021-08-12T18:18:02","slug":"la-yorogang-celebre-lan-2-du-deces-de-dj-arafat-a-abidjan","status":"publish","type":"post","link":"https:\/\/linitiative.ca\/International\/la-yorogang-celebre-lan-2-du-deces-de-dj-arafat-a-abidjan\/","title":{"rendered":"La \u00ab\u00a0Yorogang\u00a0\u00bb c\u00e9l\u00e8bre l\u2019an 2 du d\u00e9c\u00e8s de DJ Arafat \u00e0 Abidjan"},"content":{"rendered":"<div>\n<p><img loading=\"lazy\" decoding=\"async\" width=\"800\" height=\"533\" src=\"https:\/\/linitiative.ca\/International\/wp-content\/uploads\/sites\/23\/2021\/08\/16287922831942.jpg\" class=\"attachment-post-thumbnail size-post-thumbnail wp-post-image\" alt=\"\" srcset=\"https:\/\/linitiative.ca\/International\/wp-content\/uploads\/sites\/23\/2021\/08\/16287922831942.jpg 800w, https:\/\/www.journalducameroun.com\/wp-content\/uploads\/2021\/08\/16287922831942-300x200.jpg 300w, https:\/\/www.journalducameroun.com\/wp-content\/uploads\/2021\/08\/16287922831942-768x512.jpg 768w, https:\/\/www.journalducameroun.com\/wp-content\/uploads\/2021\/08\/16287922831942-660x440.jpg 660w, https:\/\/www.journalducameroun.com\/wp-content\/uploads\/2021\/08\/16287922831942-600x400.jpg 600w\" sizes=\"auto, (max-width: 800px) 100vw, 800px\"><\/p>\n<p>Plusieurs fans de DJ Arafat \u00e9taient r\u00e9unis, jeudi, \u00e0 Angr\u00e9 7e Tranche, un quartier de Cocody, cit\u00e9 hupp\u00e9e dans l&rsquo;Est d&rsquo;Abidjan, pour c\u00e9l\u00e9brer l&rsquo;an deux du d\u00e9c\u00e8s de leur idole.<\/p>\n<p>La Yorogang, regroupant les fans de Arafat, \u00e9tait rassembl\u00e9e au lieu o\u00f9 l&rsquo;artiste est d\u00e9c\u00e9d\u00e9 le 12 ao\u00fbt 2019 \u00e0 la suite d&rsquo;un accident de moto. Certains arboraient un t-shirt \u00e0 l&rsquo;effigie du roi du coup\u00e9-d\u00e9cal\u00e9, rythme musical tr\u00e8s appr\u00e9ci\u00e9 en C\u00f4te d&rsquo;Ivoire.\u00a0<\/p>\n<p>L&rsquo;on pouvait observer un difficile adieu des fans de DJ Arafat. Selon Faberger Dagbo, charg\u00e9 de communication et marketing de la Yorogang, ce rassemblement a lieu pour comm\u00e9morer la journ\u00e9e marquant son brusque d\u00e9part. \u00a0<\/p>\n<p>Chaque 12 ao\u00fbt, dira-t-il, \u00ab\u00a0nous avons une parade de motars et un concert \u00e0 l&rsquo;image de notre artiste pour qu&rsquo;il reste grav\u00e9 dans la m\u00e9moire de tous les Ivoiriens et du monde entier\u00a0\u00bb. \u00a0<\/p>\n<p>L&rsquo;ann\u00e9e pr\u00e9c\u00e9dente, \u00ab\u00a0il y avait des discordes\u00a0\u00bb entre les membres de la Yorogang, mais pour cette deuxi\u00e8me ann\u00e9e, \u00ab\u00a0la Yorogang est unie en son sein et avec notre pr\u00e9sidente qui est Mme Valentine Logbo\u00a0\u00bb, la m\u00e8re de Arafat, a indiqu\u00e9 M. Faberger.<\/p>\n<p>Au contact avec des passants, Jean Kouadio Konan (18 ans, \u00e9l\u00e8ve en classe de 1ere), propose des T-shirts incrust\u00e9s de l&rsquo;image de Arafat au prix de 5.000 Fcfa ou 10.000 Fcfa. Ce fan esp\u00e8re au terme de la vente, avoir comme r\u00e9compense un t-shirt gratuit.<\/p>\n<p>Ce jeune homme rapporte avoir particip\u00e9 \u00e0 deux concerts de Arafat, son \u00ab\u00a0artiste pr\u00e9f\u00e9r\u00e9\u00a0\u00bb, notamment au terrain d&rsquo;Angr\u00e9 et au palais de la culture de Treichville, dans le Sud d&rsquo;Abidjan.\u00a0<\/p>\n<p>Toujours sous le choc, ces fans de DJ Arafat, la star du coup\u00e9-d\u00e9cal\u00e9, un rythme musical ivoirien en vogue, vont rendre hommage \u00e0 \u00ab\u00a0Dahishikan\u00a0\u00bb \u00e0 travers des repr\u00e9sentations.\u00a0<\/p>\n<p>Moto-moto \u00e9tait le dernier titre de DJ Arafat, un titre dans lequel il exhorte ses fans \u00e0 porter un casque lors de la conduite. Malheureusement, \u00ab\u00a0influenmento\u00a0\u00bb n&rsquo;avait pas de protection lors de la collision fatale avec une voiture ce 12 ao\u00fbt. \u00a0<\/p>\n<p>DJ Arafat, de son vrai nom Ange Didier Houon, a marqu\u00e9 sa g\u00e9n\u00e9ration. Il a \u00e9t\u00e9 r\u00e9v\u00e9l\u00e9 au public suite au chant \u00ab\u00a0Jonathan\u00a0\u00bb en 2004, un hommage \u00e0 un ami, qui lui aussi est d\u00e9c\u00e9d\u00e9 par accident de la route. \u00a0 \u00a0<\/p>\n<p>Cet article <a rel=\"nofollow\" href=\"https:\/\/www.journalducameroun.com\/la-yorogang-celebre-lan-2-du-deces-de-dj-arafat-a-abidjan\/\">La \u00ab\u00a0Yorogang\u00a0\u00bb c\u00e9l\u00e8bre l\u2019an 2 du d\u00e9c\u00e8s de DJ Arafat \u00e0 Abidjan<\/a> est apparu en premier sur <a rel=\"nofollow\" href=\"https:\/\/www.journalducameroun.com\/\">Journal du Cameroun<\/a>.<\/p>\n<\/div>\n<p>Auteur: APA News<br \/>\n<a href=\"https:\/\/www.journalducameroun.com\/la-yorogang-celebre-lan-2-du-deces-de-dj-arafat-a-abidjan\/\">Cliquez ici pour lire l&rsquo;article depuis sa source.<\/a><\/p>\n","protected":false},"excerpt":{"rendered":"<p>Plusieurs fans de DJ Arafat \u00e9taient r\u00e9unis, jeudi, \u00e0 Angr\u00e9 7e Tranche, un quartier de Cocody, cit\u00e9 hupp\u00e9e dans l&rsquo;Est d&rsquo;Abidjan, pour c\u00e9l\u00e9brer l&rsquo;an deux du d\u00e9c\u00e8s de leur idole. La Yorogang, regroupant les fans de Arafat, \u00e9tait rassembl\u00e9e au lieu o\u00f9 l&rsquo;artiste est d\u00e9c\u00e9d\u00e9 le 12 ao\u00fbt 2019 \u00e0 la suite d&rsquo;un accident de [&hellip;]<\/p>\n","protected":false},"author":1965,"featured_media":0,"comment_status":"closed","ping_status":"closed","sticky":false,"template":"","format":"standard","meta":{"fifu_image_url":"https:\/\/www.journalducameroun.com\/wp-content\/uploads\/2021\/08\/16287922831942.jpg","fifu_image_alt":"La \u00ab\u00a0Yorogang\u00a0\u00bb c\u00e9l\u00e8bre l\u2019an 2 du d\u00e9c\u00e8s de DJ Arafat \u00e0 Abidjan","footnotes":""},"categories":[73,82],"tags":[],"class_list":["post-124006","post","type-post","status-publish","format-standard","hentry","category-actualite","category-cameroun"],"_links":{"self":[{"href":"https:\/\/linitiative.ca\/International\/wp-json\/wp\/v2\/posts\/124006","targetHints":{"allow":["GET"]}}],"collection":[{"href":"https:\/\/linitiative.ca\/International\/wp-json\/wp\/v2\/posts"}],"about":[{"href":"https:\/\/linitiative.ca\/International\/wp-json\/wp\/v2\/types\/post"}],"author":[{"embeddable":true,"href":"https:\/\/linitiative.ca\/International\/wp-json\/wp\/v2\/users\/1965"}],"replies":[{"embeddable":true,"href":"https:\/\/linitiative.ca\/International\/wp-json\/wp\/v2\/comments?post=124006"}],"version-history":[{"count":0,"href":"https:\/\/linitiative.ca\/International\/wp-json\/wp\/v2\/posts\/124006\/revisions"}],"wp:attachment":[{"href":"https:\/\/linitiative.ca\/International\/wp-json\/wp\/v2\/media?parent=124006"}],"wp:term":[{"taxonomy":"category","embeddable":true,"href":"https:\/\/linitiative.ca\/International\/wp-json\/wp\/v2\/categories?post=124006"},{"taxonomy":"post_tag","embeddable":true,"href":"https:\/\/linitiative.ca\/International\/wp-json\/wp\/v2\/tags?post=124006"}],"curies":[{"name":"wp","href":"https:\/\/api.w.org\/{rel}","templated":true}]}}