{"id":124008,"date":"2021-08-12T14:18:02","date_gmt":"2021-08-12T18:18:02","guid":{"rendered":"https:\/\/linitiative.ca\/International\/incendies-en-algerie-le-roi-mohammed-adresse-un-message-de-condoleances-au-president-algerien\/"},"modified":"2021-08-12T14:18:02","modified_gmt":"2021-08-12T18:18:02","slug":"incendies-en-algerie-le-roi-mohammed-adresse-un-message-de-condoleances-au-president-algerien","status":"publish","type":"post","link":"https:\/\/linitiative.ca\/International\/incendies-en-algerie-le-roi-mohammed-adresse-un-message-de-condoleances-au-president-algerien\/","title":{"rendered":"Incendies en Alg\u00e9rie: Le Roi Mohammed adresse un message de condol\u00e9ances au pr\u00e9sident alg\u00e9rien"},"content":{"rendered":"<div>\n<p><img loading=\"lazy\" decoding=\"async\" width=\"291\" height=\"173\" src=\"https:\/\/linitiative.ca\/International\/wp-content\/uploads\/sites\/23\/2021\/08\/16287922821506.jpg\" class=\"attachment-post-thumbnail size-post-thumbnail wp-post-image\" alt=\"\"><\/p>\n<p>Le Roi Mohammed VI a adress\u00e9 un message de condol\u00e9ances et de compassion au pr\u00e9sident alg\u00e9rien, Abdelmajid Tebboune, suite aux incendies de for\u00eats qui ont fait plusieurs victimes.Dans ce message, Le Souverain marocain affirme avoir appris avec une vive \u00e9motion et une profonde affliction la nouvelle des violents incendies qui ont ravag\u00e9 des for\u00eats dans certaines wilayas au nord de l&rsquo;Alg\u00e9rie faisant plusieurs victimes.<\/p>\n<p>En cette douloureuse circonstance, le Roi exprime au pr\u00e9sident alg\u00e9rien et, \u00e0 travers lui, aux familles \u00e9plor\u00e9es et au peuple alg\u00e9rien, Ses vives condol\u00e9ances et ses sinc\u00e8res sentiments de compassion.<\/p>\n<p>Il exprime \u00ab\u00a0en son nom propre et en celui du peuple marocain sa totale solidarit\u00e9 avec l&rsquo;Alg\u00e9rie s\u0153ur en cette p\u00e9nible \u00e9preuve\u00a0\u00bb.<\/p>\n<p>Le Souverain dit \u00ab\u00a0partager avec le Pr\u00e9sident alg\u00e9rien et avec les familles \u00e9plor\u00e9es ses sentiments de tristesse suite \u00e0 cette perte cruelle, implorant le Tout-Puissant de leur accorder r\u00e9confort et compassion, d&rsquo;entourer les victimes de sa sainte mis\u00e9ricorde et de pr\u00e9server le peuple alg\u00e9rien fr\u00e8re de tout malheur, tout en souhaitant prompt r\u00e9tablissement aux bless\u00e9s\u00a0\u00bb.<\/p>\n<p>Le bilan des incendies en Alg\u00e9rie est de plus en plus lourd. Les feux qui ravagent le nord du pays ont fait au moins 69 morts, parmi lesquels 28 soldats.<\/p>\n<p>Cet article <a rel=\"nofollow\" href=\"https:\/\/www.journalducameroun.com\/incendies-en-algerie-le-roi-mohammed-adresse-un-message-de-condoleances-au-president-algerien\/\">Incendies en Alg\u00e9rie: Le Roi Mohammed adresse un message de condol\u00e9ances au pr\u00e9sident alg\u00e9rien<\/a> est apparu en premier sur <a rel=\"nofollow\" href=\"https:\/\/www.journalducameroun.com\/\">Journal du Cameroun<\/a>.<\/p>\n<\/div>\n<p>Auteur: APA News<br \/>\n<a href=\"https:\/\/www.journalducameroun.com\/incendies-en-algerie-le-roi-mohammed-adresse-un-message-de-condoleances-au-president-algerien\/\">Cliquez ici pour lire l&rsquo;article depuis sa source.<\/a><\/p>\n","protected":false},"excerpt":{"rendered":"<p>Le Roi Mohammed VI a adress\u00e9 un message de condol\u00e9ances et de compassion au pr\u00e9sident alg\u00e9rien, Abdelmajid Tebboune, suite aux incendies de for\u00eats qui ont fait plusieurs victimes.Dans ce message, Le Souverain marocain affirme avoir appris avec une vive \u00e9motion et une profonde affliction la nouvelle des violents incendies qui ont ravag\u00e9 des for\u00eats dans [&hellip;]<\/p>\n","protected":false},"author":1965,"featured_media":0,"comment_status":"closed","ping_status":"closed","sticky":false,"template":"","format":"standard","meta":{"fifu_image_url":"https:\/\/www.journalducameroun.com\/wp-content\/uploads\/2021\/08\/16287922821506.jpg","fifu_image_alt":"Incendies en Alg\u00e9rie: Le Roi Mohammed adresse un message de condol\u00e9ances au pr\u00e9sident alg\u00e9rien","footnotes":""},"categories":[73,82],"tags":[],"class_list":["post-124008","post","type-post","status-publish","format-standard","hentry","category-actualite","category-cameroun"],"_links":{"self":[{"href":"https:\/\/linitiative.ca\/International\/wp-json\/wp\/v2\/posts\/124008","targetHints":{"allow":["GET"]}}],"collection":[{"href":"https:\/\/linitiative.ca\/International\/wp-json\/wp\/v2\/posts"}],"about":[{"href":"https:\/\/linitiative.ca\/International\/wp-json\/wp\/v2\/types\/post"}],"author":[{"embeddable":true,"href":"https:\/\/linitiative.ca\/International\/wp-json\/wp\/v2\/users\/1965"}],"replies":[{"embeddable":true,"href":"https:\/\/linitiative.ca\/International\/wp-json\/wp\/v2\/comments?post=124008"}],"version-history":[{"count":0,"href":"https:\/\/linitiative.ca\/International\/wp-json\/wp\/v2\/posts\/124008\/revisions"}],"wp:attachment":[{"href":"https:\/\/linitiative.ca\/International\/wp-json\/wp\/v2\/media?parent=124008"}],"wp:term":[{"taxonomy":"category","embeddable":true,"href":"https:\/\/linitiative.ca\/International\/wp-json\/wp\/v2\/categories?post=124008"},{"taxonomy":"post_tag","embeddable":true,"href":"https:\/\/linitiative.ca\/International\/wp-json\/wp\/v2\/tags?post=124008"}],"curies":[{"name":"wp","href":"https:\/\/api.w.org\/{rel}","templated":true}]}}