{"id":124010,"date":"2021-08-12T14:18:03","date_gmt":"2021-08-12T18:18:03","guid":{"rendered":"https:\/\/linitiative.ca\/International\/sante-publique-en-afrique-une-conference-internationale-en-decembre\/"},"modified":"2021-08-12T14:18:03","modified_gmt":"2021-08-12T18:18:03","slug":"sante-publique-en-afrique-une-conference-internationale-en-decembre","status":"publish","type":"post","link":"https:\/\/linitiative.ca\/International\/sante-publique-en-afrique-une-conference-internationale-en-decembre\/","title":{"rendered":"Sant\u00e9 publique en Afrique : une conf\u00e9rence internationale en d\u00e9cembre"},"content":{"rendered":"<div>\n<p><img loading=\"lazy\" decoding=\"async\" width=\"908\" height=\"605\" src=\"https:\/\/linitiative.ca\/International\/wp-content\/uploads\/sites\/23\/2021\/08\/16287922834188.jpg\" class=\"attachment-post-thumbnail size-post-thumbnail wp-post-image\" alt=\"\" srcset=\"https:\/\/linitiative.ca\/International\/wp-content\/uploads\/sites\/23\/2021\/08\/16287922834188.jpg 908w, https:\/\/www.journalducameroun.com\/wp-content\/uploads\/2021\/08\/16287922834188-300x200.jpg 300w, https:\/\/www.journalducameroun.com\/wp-content\/uploads\/2021\/08\/16287922834188-768x512.jpg 768w, https:\/\/www.journalducameroun.com\/wp-content\/uploads\/2021\/08\/16287922834188-660x440.jpg 660w, https:\/\/www.journalducameroun.com\/wp-content\/uploads\/2021\/08\/16287922834188-600x400.jpg 600w\" sizes=\"auto, (max-width: 908px) 100vw, 908px\"><\/p>\n<p>Les Centres africains de contr\u00f4le et de pr\u00e9vention des maladies (Africa CDC) vont notamment accueillir des chercheurs et d\u00e9cideurs politiques pour entre autres partager \u00ab des r\u00e9sultats scientifiques et les perspectives de sant\u00e9 publique \u00bb sur le continent.Report\u00e9e plus t\u00f4t cette ann\u00e9e en raison de la Covid-19, la conf\u00e9rence sur la sant\u00e9 publique en Afrique doit d\u00e9sormais avoir lieu du 14 au 16 d\u00e9cembre prochain \u00e0 Addis-Abeba, en \u00c9thiopie.<\/p>\n<p>La pand\u00e9mie a mis \u00e0 nu l&rsquo;extr\u00eame fragilit\u00e9 des syst\u00e8mes de sant\u00e9 de plusieurs pays africains o\u00f9 les h\u00f4pitaux sont rapidement satur\u00e9s. A en croire \u00a0John Nkengasong, Directeur d&rsquo;Africa CDC, cette situation constitue \u00ab une occasion historique pour la mise en place d&rsquo;un nouvel ordre de sant\u00e9 publique, qui fera de la sant\u00e9 pour tous une r\u00e9alit\u00e9 \u00e0 travers le continent\u00a0\u00bb.<\/p>\n<p>La conviction du virologue camerounais est que l&rsquo;Afrique peut \u00ab d\u00e9velopper des syst\u00e8mes de sant\u00e9 et des moyens de production capables de r\u00e9pondre efficacement \u00e0 de multiples menaces sanitaires \u00bb. Pour ce faire, a-t-il d\u00e9clar\u00e9, \u00ab la conf\u00e9rence annuelle inaugurale d&rsquo;Africa CDC offre une plateforme qui permet de capitaliser sur les connaissances, l&rsquo;exp\u00e9rience et l&rsquo;ambition des Africains et d&rsquo;ouvrir tous ensemble la voie \u00e0 un avenir en meilleure sant\u00e9 pour tous \u00bb.<\/p>\n<p>Pendant trois jours, les r\u00e9flexions seront principalement ax\u00e9es sur le renforcement des syst\u00e8mes de sant\u00e9 africains avec \u00ab un accent particulier sur le d\u00e9veloppement des comp\u00e9tences des professionnels en d\u00e9but de carri\u00e8re \u00bb. Un Comit\u00e9 d&rsquo;organisation, compos\u00e9 de plus de 15 sp\u00e9cialistes de la sant\u00e9 du continent africain et du monde entier, va contribuer \u00e0 l&rsquo;orientation strat\u00e9gique de la conf\u00e9rence.<\/p>\n<p>De son c\u00f4t\u00e9, Pr Agnes Binagwaho, copr\u00e9sidente de la conf\u00e9rence sur la sant\u00e9 publique en Afrique, a affirm\u00e9 que ce rendez-vous sera \u00ab une tribune propice pour passer en revue les le\u00e7ons tir\u00e9es de la Covid-19 et pour concevoir des syst\u00e8mes de sant\u00e9 plus r\u00e9silients, en mesure de r\u00e9pondre efficacement aux crises futures \u00bb.<\/p>\n<p>Cet article <a rel=\"nofollow\" href=\"https:\/\/www.journalducameroun.com\/sante-publique-en-afrique-une-conference-internationale-en-decembre\/\">Sant\u00e9 publique en Afrique : une conf\u00e9rence internationale en d\u00e9cembre<\/a> est apparu en premier sur <a rel=\"nofollow\" href=\"https:\/\/www.journalducameroun.com\/\">Journal du Cameroun<\/a>.<\/p>\n<\/div>\n<p>Auteur: APA News<br \/>\n<a href=\"https:\/\/www.journalducameroun.com\/sante-publique-en-afrique-une-conference-internationale-en-decembre\/\">Cliquez ici pour lire l&rsquo;article depuis sa source.<\/a><\/p>\n","protected":false},"excerpt":{"rendered":"<p>Les Centres africains de contr\u00f4le et de pr\u00e9vention des maladies (Africa CDC) vont notamment accueillir des chercheurs et d\u00e9cideurs politiques pour entre autres partager \u00ab des r\u00e9sultats scientifiques et les perspectives de sant\u00e9 publique \u00bb sur le continent.Report\u00e9e plus t\u00f4t cette ann\u00e9e en raison de la Covid-19, la conf\u00e9rence sur la sant\u00e9 publique en Afrique [&hellip;]<\/p>\n","protected":false},"author":1965,"featured_media":0,"comment_status":"closed","ping_status":"closed","sticky":false,"template":"","format":"standard","meta":{"fifu_image_url":"https:\/\/www.journalducameroun.com\/wp-content\/uploads\/2021\/08\/16287922834188.jpg","fifu_image_alt":"Sant\u00e9 publique en Afrique : une conf\u00e9rence internationale en d\u00e9cembre","footnotes":""},"categories":[73,82],"tags":[],"class_list":["post-124010","post","type-post","status-publish","format-standard","hentry","category-actualite","category-cameroun"],"_links":{"self":[{"href":"https:\/\/linitiative.ca\/International\/wp-json\/wp\/v2\/posts\/124010","targetHints":{"allow":["GET"]}}],"collection":[{"href":"https:\/\/linitiative.ca\/International\/wp-json\/wp\/v2\/posts"}],"about":[{"href":"https:\/\/linitiative.ca\/International\/wp-json\/wp\/v2\/types\/post"}],"author":[{"embeddable":true,"href":"https:\/\/linitiative.ca\/International\/wp-json\/wp\/v2\/users\/1965"}],"replies":[{"embeddable":true,"href":"https:\/\/linitiative.ca\/International\/wp-json\/wp\/v2\/comments?post=124010"}],"version-history":[{"count":0,"href":"https:\/\/linitiative.ca\/International\/wp-json\/wp\/v2\/posts\/124010\/revisions"}],"wp:attachment":[{"href":"https:\/\/linitiative.ca\/International\/wp-json\/wp\/v2\/media?parent=124010"}],"wp:term":[{"taxonomy":"category","embeddable":true,"href":"https:\/\/linitiative.ca\/International\/wp-json\/wp\/v2\/categories?post=124010"},{"taxonomy":"post_tag","embeddable":true,"href":"https:\/\/linitiative.ca\/International\/wp-json\/wp\/v2\/tags?post=124010"}],"curies":[{"name":"wp","href":"https:\/\/api.w.org\/{rel}","templated":true}]}}