{"id":124012,"date":"2021-08-12T15:18:01","date_gmt":"2021-08-12T19:18:01","guid":{"rendered":"https:\/\/linitiative.ca\/International\/rca-baisse-des-violations-des-droits-de-lhomme-minusca\/"},"modified":"2021-08-12T15:18:01","modified_gmt":"2021-08-12T19:18:01","slug":"rca-baisse-des-violations-des-droits-de-lhomme-minusca","status":"publish","type":"post","link":"https:\/\/linitiative.ca\/International\/rca-baisse-des-violations-des-droits-de-lhomme-minusca\/","title":{"rendered":"RCA : baisse des violations des droits de l\u2019Homme (Minusca)"},"content":{"rendered":"<div>\n<p><img loading=\"lazy\" decoding=\"async\" width=\"814\" height=\"543\" src=\"https:\/\/linitiative.ca\/International\/wp-content\/uploads\/sites\/23\/2021\/08\/16287958818059.jpg\" class=\"attachment-post-thumbnail size-post-thumbnail wp-post-image\" alt=\"\" srcset=\"https:\/\/linitiative.ca\/International\/wp-content\/uploads\/sites\/23\/2021\/08\/16287958818059.jpg 814w, https:\/\/www.journalducameroun.com\/wp-content\/uploads\/2021\/08\/16287958818059-300x200.jpg 300w, https:\/\/www.journalducameroun.com\/wp-content\/uploads\/2021\/08\/16287958818059-768x512.jpg 768w, https:\/\/www.journalducameroun.com\/wp-content\/uploads\/2021\/08\/16287958818059-660x440.jpg 660w, https:\/\/www.journalducameroun.com\/wp-content\/uploads\/2021\/08\/16287958818059-600x400.jpg 600w\" sizes=\"auto, (max-width: 814px) 100vw, 814px\"><\/p>\n<p>Du 3 au 9 ao\u00fbt dernier, la Mission multidimensionnelle int\u00e9gr\u00e9e des Nations Unies pour la stabilisation en Centrafrique (Minusca) a r\u00e9pertori\u00e9 18 incidents ayant affect\u00e9 au moins 28 personnes contre 25 incidents qui ont touch\u00e9 42 individus la semaine pr\u00e9c\u00e9dente.Cette semaine, en R\u00e9publique centrafricaine, \u00ab la situation s\u00e9curitaire a connu une l\u00e9g\u00e8re accalmie mais reste pr\u00e9caire \u00e0 cause des activit\u00e9s des groupes arm\u00e9s \u00bb, indique la mission onusienne dans un communiqu\u00e9 re\u00e7u jeudi \u00e0 APA.<\/p>\n<p>Au cours de la conf\u00e9rence de presse hebdomadaire de la Minusca, mercredi \u00e0 Bangui, Th\u00e9ophane Kinda, Coordonnateur de la Division de communication strat\u00e9gique et de l&rsquo;information publique, a inform\u00e9 que les abus et violations enregistr\u00e9s concernent entre autres \u00ab des ex\u00e9cutions extrajudiciaires, des cas de traitement cruel, inhumain et d\u00e9gradant, un cas de torture et des cas de viols \u00bb.<\/p>\n<p>Dans son expos\u00e9 de la situation, M. Kinda a renseign\u00e9 que \u00ab les auteurs pr\u00e9sum\u00e9s sont d&rsquo;une part, les groupes arm\u00e9s avec 9 incidents affectant 12 victimes. De m\u00eame, les Forces arm\u00e9es centrafricaines (Faca) et les autres personnels de s\u00e9curit\u00e9 sont pr\u00e9sum\u00e9s auteurs de 9 incidents pour 16 victimes\u00a0\u00bb. Les pr\u00e9fectures les plus touch\u00e9es sont Mamb\u00e9r\u00e9-Kade\u00ef, Nana-Mamb\u00e9r\u00e9 (Ouest) et Ouham-Pend\u00e9 (Nord-Ouest).<\/p>\n<p>Pour sa part, le Lieutenant-Colonel Abdoul Aziz Fall, porte-parole de la Force de la Minusca, a fait savoir que les groupes arm\u00e9s restent actifs dans l&rsquo;Ouest et l&rsquo;Est de la R\u00e9publique centrafricaine. En r\u00e9ponse, \u00ab les renforts mobilis\u00e9s pour dissuader et contrer l&rsquo;action de ces \u00e9l\u00e9ments arm\u00e9s continuent leurs op\u00e9rations de s\u00e9curisation sur le terrain \u00bb, a soutenu le S\u00e9n\u00e9galais.<\/p>\n<p>Cet article <a rel=\"nofollow\" href=\"https:\/\/www.journalducameroun.com\/rca-baisse-des-violations-des-droits-de-lhomme-minusca\/\">RCA : baisse des violations des droits de l\u2019Homme (Minusca)<\/a> est apparu en premier sur <a rel=\"nofollow\" href=\"https:\/\/www.journalducameroun.com\/\">Journal du Cameroun<\/a>.<\/p>\n<\/div>\n<p>Auteur: APA News<br \/>\n<a href=\"https:\/\/www.journalducameroun.com\/rca-baisse-des-violations-des-droits-de-lhomme-minusca\/\">Cliquez ici pour lire l&rsquo;article depuis sa source.<\/a><\/p>\n","protected":false},"excerpt":{"rendered":"<p>Du 3 au 9 ao\u00fbt dernier, la Mission multidimensionnelle int\u00e9gr\u00e9e des Nations Unies pour la stabilisation en Centrafrique (Minusca) a r\u00e9pertori\u00e9 18 incidents ayant affect\u00e9 au moins 28 personnes contre 25 incidents qui ont touch\u00e9 42 individus la semaine pr\u00e9c\u00e9dente.Cette semaine, en R\u00e9publique centrafricaine, \u00ab la situation s\u00e9curitaire a connu une l\u00e9g\u00e8re accalmie mais reste [&hellip;]<\/p>\n","protected":false},"author":1965,"featured_media":0,"comment_status":"closed","ping_status":"closed","sticky":false,"template":"","format":"standard","meta":{"fifu_image_url":"https:\/\/www.journalducameroun.com\/wp-content\/uploads\/2021\/08\/16287958818059.jpg","fifu_image_alt":"RCA : baisse des violations des droits de l\u2019Homme (Minusca)","footnotes":""},"categories":[73,82],"tags":[],"class_list":["post-124012","post","type-post","status-publish","format-standard","hentry","category-actualite","category-cameroun"],"_links":{"self":[{"href":"https:\/\/linitiative.ca\/International\/wp-json\/wp\/v2\/posts\/124012","targetHints":{"allow":["GET"]}}],"collection":[{"href":"https:\/\/linitiative.ca\/International\/wp-json\/wp\/v2\/posts"}],"about":[{"href":"https:\/\/linitiative.ca\/International\/wp-json\/wp\/v2\/types\/post"}],"author":[{"embeddable":true,"href":"https:\/\/linitiative.ca\/International\/wp-json\/wp\/v2\/users\/1965"}],"replies":[{"embeddable":true,"href":"https:\/\/linitiative.ca\/International\/wp-json\/wp\/v2\/comments?post=124012"}],"version-history":[{"count":0,"href":"https:\/\/linitiative.ca\/International\/wp-json\/wp\/v2\/posts\/124012\/revisions"}],"wp:attachment":[{"href":"https:\/\/linitiative.ca\/International\/wp-json\/wp\/v2\/media?parent=124012"}],"wp:term":[{"taxonomy":"category","embeddable":true,"href":"https:\/\/linitiative.ca\/International\/wp-json\/wp\/v2\/categories?post=124012"},{"taxonomy":"post_tag","embeddable":true,"href":"https:\/\/linitiative.ca\/International\/wp-json\/wp\/v2\/tags?post=124012"}],"curies":[{"name":"wp","href":"https:\/\/api.w.org\/{rel}","templated":true}]}}