{"id":124014,"date":"2021-08-12T17:18:02","date_gmt":"2021-08-12T21:18:02","guid":{"rendered":"https:\/\/linitiative.ca\/International\/covid-19-7-morts-en-cote-divoire-jeudi\/"},"modified":"2021-08-12T17:18:02","modified_gmt":"2021-08-12T21:18:02","slug":"covid-19-7-morts-en-cote-divoire-jeudi","status":"publish","type":"post","link":"https:\/\/linitiative.ca\/International\/covid-19-7-morts-en-cote-divoire-jeudi\/","title":{"rendered":"Covid-19 :  7 morts en C\u00f4te d\u2019Ivoire jeudi"},"content":{"rendered":"<div>\n<p><img loading=\"lazy\" decoding=\"async\" width=\"512\" height=\"341\" src=\"https:\/\/linitiative.ca\/International\/wp-content\/uploads\/sites\/23\/2021\/08\/16288030823839.jpg\" class=\"attachment-post-thumbnail size-post-thumbnail wp-post-image\" alt=\"\" srcset=\"https:\/\/linitiative.ca\/International\/wp-content\/uploads\/sites\/23\/2021\/08\/16288030823839.jpg 512w, https:\/\/www.journalducameroun.com\/wp-content\/uploads\/2021\/08\/16288030823839-300x200.jpg 300w\" sizes=\"auto, (max-width: 512px) 100vw, 512px\"><\/p>\n<p>Le minist\u00e8re ivoirien de la Sant\u00e9, de l&rsquo;hygi\u00e8ne publique et de la couverture maladie universelle a enregistr\u00e9,  jeudi, sept d\u00e9c\u00e8s de la Covid-19, rapporte un communiqu\u00e9.<\/p>\n<p>Outre ces d\u00e9c\u00e8s, le minist\u00e8re a not\u00e9 \u00ab 194 nouveaux cas de Covid-19 sur 4 379 \u00e9chantillons pr\u00e9lev\u00e9s soit \u00a04,4 % de cas positifs et 138 gu\u00e9ris \u00bb. La pand\u00e9mie de la Covid-19 connait un regain en C\u00f4te d&rsquo;Ivoire depuis quelques semaines.<\/p>\n<p>A la date du 12 ao\u00fbt 2021, la C\u00f4te d&rsquo;Ivoire compte donc 51 926 cas confirm\u00e9s dont 50 632 personnes gu\u00e9ries, 354 d\u00e9c\u00e8s et 940 cas actifs. Le nombre total d&rsquo;\u00e9chantillons est de 826 678.<\/p>\n<p>Le 11 ao\u00fbt 2021, 13 473 doses de vaccins contre la Covid-19 ont \u00e9t\u00e9 administr\u00e9es, soit un total de 1 194 760 doses administr\u00e9es.<\/p>\n<p>Dans la foul\u00e9e, le ministre de la Sant\u00e9, de l&rsquo;hygi\u00e8ne publique et de la couverture maladie universelle invite toutes les personnes de plus de 18 ans \u00e0 se faire vacciner dans les centres de vaccination. La vaccination contre la Covid-19 est gratuite et volontaire.<\/p>\n<p>Cet article <a rel=\"nofollow\" href=\"https:\/\/www.journalducameroun.com\/covid-19-7-morts-en-cote-divoire-jeudi\/\">Covid-19 :  7 morts en C\u00f4te d\u2019Ivoire jeudi<\/a> est apparu en premier sur <a rel=\"nofollow\" href=\"https:\/\/www.journalducameroun.com\/\">Journal du Cameroun<\/a>.<\/p>\n<\/div>\n<p>Auteur: APA News<br \/>\n<a href=\"https:\/\/www.journalducameroun.com\/covid-19-7-morts-en-cote-divoire-jeudi\/\">Cliquez ici pour lire l&rsquo;article depuis sa source.<\/a><\/p>\n","protected":false},"excerpt":{"rendered":"<p>Le minist\u00e8re ivoirien de la Sant\u00e9, de l&rsquo;hygi\u00e8ne publique et de la couverture maladie universelle a enregistr\u00e9, jeudi, sept d\u00e9c\u00e8s de la Covid-19, rapporte un communiqu\u00e9. Outre ces d\u00e9c\u00e8s, le minist\u00e8re a not\u00e9 \u00ab 194 nouveaux cas de Covid-19 sur 4 379 \u00e9chantillons pr\u00e9lev\u00e9s soit \u00a04,4 % de cas positifs et 138 gu\u00e9ris \u00bb. La [&hellip;]<\/p>\n","protected":false},"author":1965,"featured_media":0,"comment_status":"closed","ping_status":"closed","sticky":false,"template":"","format":"standard","meta":{"fifu_image_url":"https:\/\/www.journalducameroun.com\/wp-content\/uploads\/2021\/08\/16288030823839.jpg","fifu_image_alt":"Covid-19 :  7 morts en C\u00f4te d\u2019Ivoire jeudi","footnotes":""},"categories":[73,82],"tags":[],"class_list":["post-124014","post","type-post","status-publish","format-standard","hentry","category-actualite","category-cameroun"],"_links":{"self":[{"href":"https:\/\/linitiative.ca\/International\/wp-json\/wp\/v2\/posts\/124014","targetHints":{"allow":["GET"]}}],"collection":[{"href":"https:\/\/linitiative.ca\/International\/wp-json\/wp\/v2\/posts"}],"about":[{"href":"https:\/\/linitiative.ca\/International\/wp-json\/wp\/v2\/types\/post"}],"author":[{"embeddable":true,"href":"https:\/\/linitiative.ca\/International\/wp-json\/wp\/v2\/users\/1965"}],"replies":[{"embeddable":true,"href":"https:\/\/linitiative.ca\/International\/wp-json\/wp\/v2\/comments?post=124014"}],"version-history":[{"count":0,"href":"https:\/\/linitiative.ca\/International\/wp-json\/wp\/v2\/posts\/124014\/revisions"}],"wp:attachment":[{"href":"https:\/\/linitiative.ca\/International\/wp-json\/wp\/v2\/media?parent=124014"}],"wp:term":[{"taxonomy":"category","embeddable":true,"href":"https:\/\/linitiative.ca\/International\/wp-json\/wp\/v2\/categories?post=124014"},{"taxonomy":"post_tag","embeddable":true,"href":"https:\/\/linitiative.ca\/International\/wp-json\/wp\/v2\/tags?post=124014"}],"curies":[{"name":"wp","href":"https:\/\/api.w.org\/{rel}","templated":true}]}}