{"id":124023,"date":"2021-08-13T10:30:06","date_gmt":"2021-08-13T14:30:06","guid":{"rendered":"https:\/\/linitiative.ca\/International\/ces-164-objets-dart-a-declarer-comme-patrimoine-dans-les-musees-nationaux\/"},"modified":"2021-08-13T10:30:06","modified_gmt":"2021-08-13T14:30:06","slug":"ces-164-objets-dart-a-declarer-comme-patrimoine-dans-les-musees-nationaux","status":"publish","type":"post","link":"https:\/\/linitiative.ca\/International\/ces-164-objets-dart-a-declarer-comme-patrimoine-dans-les-musees-nationaux\/","title":{"rendered":"Ces 164 objets d\u2019art \u00e0 d\u00e9clarer comme patrimoine dans les mus\u00e9es nationaux"},"content":{"rendered":"<div>\n<p><img decoding=\"async\" width=\"300\" height=\"153\" src=\"https:\/\/linitiative.ca\/International\/wp-content\/uploads\/sites\/23\/2021\/08\/dar-si-said-300x153-1.jpg\" class=\"attachment-medium size-medium wp-post-image\" alt=\"\" loading=\"lazy\" srcset=\"\/\/aujourdhui.ma\/wp-content\/uploads\/2021\/08\/dar-si-said-300x153.jpg 300w, \/\/aujourdhui.ma\/wp-content\/uploads\/2021\/08\/dar-si-said-274x140.jpg 274w, \/\/aujourdhui.ma\/wp-content\/uploads\/2021\/08\/dar-si-said.jpg 746w, \/\/aujourdhui.ma\/wp-content\/uploads\/2021\/08\/dar-si-said-165x84.jpg 165w, \/\/aujourdhui.ma\/wp-content\/uploads\/2021\/08\/dar-si-said-702x358.jpg 702w\" sizes=\"auto, (max-width: 300px) 100vw, 300px\"><\/p>\n<p><span style=\"color: #800000; font-size: 18px;\"><strong>En vertu d\u2019un d\u00e9cret publi\u00e9 au BO<\/strong><\/span><span id=\"more-384003\"><\/span><\/p>\n<p>Les objets de mus\u00e9es nationaux sont d\u00e9sormais d\u00e9clar\u00e9s patrimoine. Et c\u2019est le d\u00e9cret n\u00b0 2.21.409 \u00e9mis et publi\u00e9 tout r\u00e9cemment au Bulletin officiel qui pr\u00e9voit cette inscription d\u00e9cr\u00e9t\u00e9e en vertu de la loi 22.80 relative \u00e0 la conservation des monuments historiques et des sites, des inscriptions, des objets d\u2019art et d\u2019antiquit\u00e9. En d\u00e9tail, ce d\u00e9cret stipule l\u2019inscription \u00abd\u2019objets existants dans les mus\u00e9es ethnographiques de T\u00e9touan, la Kasbah des cultures m\u00e9diterran\u00e9ennes de Tanger, Al Batha de F\u00e8s et Dar Jama\u00ef de Mekn\u00e8s\u00bb. Le texte pr\u00e9voit \u00e9galement la d\u00e9claration comme patrimoine \u00abd\u2019objets du mus\u00e9e national de la c\u00e9ramique de Safi, des mus\u00e9es arch\u00e9ologique de T\u00e9touan, Dar Si Sa\u00efd de Marrakech, du Mus\u00e9e national des bijoux de Rabat et Dar El Bacha de Marrakech\u00bb.<\/p>\n<p>Quant \u00e0 ces oeuvres, il s\u2019agit, dans le Mus\u00e9e ethnographique de T\u00e9touan, d\u2019un panneau de zellige, remontant au XIX\u00e8me si\u00e8cle, d\u2019un plat du XX\u00e8me si\u00e8cle et d\u2019une sacoche \u00abZa\u00e2boula\u00bb \u00e9galement du XX\u00e8me si\u00e8cle. Dans le Mus\u00e9e la Kasbah des cultures m\u00e9diterran\u00e9ennes de Tanger, les oeuvres consistent en une frise, originaire de F\u00e8s au XIV\u00e8me si\u00e8cle et un vase \u00e0 d\u00e9cor lin\u00e9aire issu de l\u2019atelier de Kouass \u00e0 Tanger au V\u00e8me si\u00e8cle av. J.-C. Dans le Mus\u00e9e Al Batha de F\u00e8s, les oeuvres vont d\u2019un vantail de porte du XVIII\u00e8me si\u00e8cle \u00e0 un panneau de c\u00e9ramique du XIV\u00e8me si\u00e8cle, en passant par des panneaux de moucharabia des XVI\u00e8me et XIV\u00e8me si\u00e8cles. En tout, une trentaine d\u2019objets originaires de F\u00e8s sont concern\u00e9s par cette inscription comme patrimoine.<\/p>\n<p><a href=\"https:\/\/linitiative.ca\/International\/wp-content\/uploads\/sites\/23\/2021\/08\/palais_20dar_20jamai.jpg\"><img decoding=\"async\" loading=\"lazy\" class=\"alignnone size-full wp-image-384005\" src=\"https:\/\/linitiative.ca\/International\/wp-content\/uploads\/sites\/23\/2021\/08\/palais_20dar_20jamai.jpg\" alt=\"\" width=\"746\" height=\"380\" srcset=\"\/\/aujourdhui.ma\/wp-content\/uploads\/2021\/08\/palais_20dar_20jamai.jpg 746w, \/\/aujourdhui.ma\/wp-content\/uploads\/2021\/08\/palais_20dar_20jamai-300x153.jpg 300w, \/\/aujourdhui.ma\/wp-content\/uploads\/2021\/08\/palais_20dar_20jamai-274x140.jpg 274w, \/\/aujourdhui.ma\/wp-content\/uploads\/2021\/08\/palais_20dar_20jamai-165x84.jpg 165w, \/\/aujourdhui.ma\/wp-content\/uploads\/2021\/08\/palais_20dar_20jamai-702x358.jpg 702w\" sizes=\"auto, (max-width: 746px) 100vw, 746px\"><\/a><\/p>\n<p>Dans le mus\u00e9e Dar Jama\u00ef de Mekn\u00e8s, il est exclusivement question d\u2019instruments de musique. Il s\u2019agit, entre autres, de Qanouns issus de la ville de F\u00e8s et dont la datation remonte au d\u00e9but du XX\u00e8me si\u00e8cle. Les instruments \u00e0 d\u00e9clarer comprennent \u00e9galement des Tarrs de Rabat et T\u00e9touan datant respectivement du d\u00e9but du XX\u00e8me si\u00e8cle et de 1960. Ils varient aussi entre Deff d\u2019Essaouira, Tbals de Sal\u00e9, Darbouka de T\u00e9touan, Lotar Soussi, Guenbri du Moyen-Atlas, Rbabs de F\u00e8s et T\u00e9touan, Nfir de T\u00e9touan, Oud et Ouds Ramal de F\u00e8s ainsi que le Hajhouj de Marrakech.<\/p>\n<p>Dans le Mus\u00e9e national de la c\u00e9ramique de Safi, les objets portent entre autres sur une margelle de puits et une jarre dont l\u2019origine est plut\u00f4t, selon la m\u00eame publication, \u00abincertaine\u00bb. Quant \u00e0 leur datation, elle remonte \u00e0 l\u2019\u00e9poque almohade (XI-XII\u00e8me si\u00e8cles). Aussi, les oeuvres \u00e0 d\u00e9clarer dans cet espace concernent, entre autres, une \u00abM\u2019garsa\u00bb de l\u2019atelier du ma\u00eetre Sa\u00efd Soussi. Elle est dat\u00e9e du d\u00e9but du XX\u00e8me si\u00e8cle. Des \u00abKhabia\u00bb de la fin du XIX\u00e8me si\u00e8cle et du milieu du XX\u00e8me y figurent outre un plat, des bougeoirs, des vases, un abat-jour et une soupi\u00e8re dont la datation va de la fin du XIX\u00e8me \u00e0 celle du XX\u00e8me. Dans le Mus\u00e9e arch\u00e9ologique de T\u00e9touan, les oeuvres consistent en mosa\u00efques de Mars et Rh\u00e9a Silvia, de Venus et Adonis, des trois gr\u00e2ces, du Cort\u00e8ge Bachique et d\u2019H\u00e9lios originaires toutes du Lixus dans la r\u00e9gion de Larache et remontant \u00e0 la fin du II\u00e8me si\u00e8cle.<\/p>\n<p>Dans le Mus\u00e9e Dar Si Sa\u00efd \u00e0 Marrakech, les objets d\u2019art \u00e0 d\u00e9clarer portent, entre autres, sur des tapis des XIX\u00e8me et XX\u00e8me si\u00e8cles, un cap d\u2019homme \u00abAkhnif\u00bb du Haut Atlas, une porte de maison des Qasbas du Sud, des ceintures de Rabat et F\u00e8s, ainsi qu\u2019une paire d\u2019anneaux de chevilles d\u2019Essaouira et un bracelet du Haut Atlas. Au Mus\u00e9e national des bijoux de Rabat, plus d\u2019une trentaine d\u2019oeuvres sont \u00e0 d\u00e9clarer. Il s\u2019agit, entre autres, d\u2019un calice fassi du XIX\u00e8me si\u00e8cle, de plats damasquin\u00e9s de Mekn\u00e8s, mesure d\u2019aum\u00f4ne, heurtoir, chandelier de F\u00e8s, d\u2019un dipl\u00f4me d\u2019\u00e9cole coranique, d\u2019une planche coranique de Rabat, d\u2019un jeu saharien \u00abSel gemme\u00bb, d\u2019une broche fassie, d\u2019un bracelet d\u2019Essaouira et d\u2019une section du Coran \u00abAl Mortada al-Mohad\u00bb de Marrakech du XIII\u00e8me si\u00e8cle.<\/p>\n<p>Dans le Mus\u00e9e Dar El Bacha de Marrakech, plus d\u2019une quarantaine d\u2019oeuvres sont \u00e0 d\u00e9clarer. Elles portent, entre autres, sur des manuscrits dont l\u2019origine est incertaine et qui remontent au XIX\u00e8me si\u00e8cle, des mains \u00abKhamsa\u00bb et des Hanoukias de F\u00e8s et des \u00e9tuis de livre. Dans l\u2019ensemble, ce sont 164 oeuvres dont la d\u00e9claration comme patrimoine est stipul\u00e9e dans la m\u00eame publication qui pr\u00e9voit \u00e9galement d\u2019inscrire \u00abDar Ca\u00efd Larbi \u00bb \u00e0 Sefrou comme patrimoine.<\/p>\n<\/div>\n<p>Auteur: Salima Guisser<br \/>\n<a href=\"https:\/\/aujourdhui.ma\/culture\/ces-164-objets-dart-a-declarer-comme-patrimoine-dans-les-musees-nationaux\">Cliquez ici pour lire l&rsquo;article depuis sa source.<\/a><\/p>\n","protected":false},"excerpt":{"rendered":"<p>En vertu d\u2019un d\u00e9cret publi\u00e9 au BO Les objets de mus\u00e9es nationaux sont d\u00e9sormais d\u00e9clar\u00e9s patrimoine. Et c\u2019est le d\u00e9cret n\u00b0 2.21.409 \u00e9mis et publi\u00e9 tout r\u00e9cemment au Bulletin officiel qui pr\u00e9voit cette inscription d\u00e9cr\u00e9t\u00e9e en vertu de la loi 22.80 relative \u00e0 la conservation des monuments historiques et des sites, des inscriptions, des objets [&hellip;]<\/p>\n","protected":false},"author":1759,"featured_media":0,"comment_status":"closed","ping_status":"closed","sticky":false,"template":"","format":"standard","meta":{"fifu_image_url":"https:\/\/aujourdhui.ma\/wp-content\/uploads\/2021\/08\/dar-si-said-300x153.jpg","fifu_image_alt":"Ces 164 objets d\u2019art \u00e0 d\u00e9clarer comme patrimoine dans les mus\u00e9es nationaux","footnotes":""},"categories":[73,54],"tags":[],"class_list":["post-124023","post","type-post","status-publish","format-standard","hentry","category-actualite","category-maroc"],"_links":{"self":[{"href":"https:\/\/linitiative.ca\/International\/wp-json\/wp\/v2\/posts\/124023","targetHints":{"allow":["GET"]}}],"collection":[{"href":"https:\/\/linitiative.ca\/International\/wp-json\/wp\/v2\/posts"}],"about":[{"href":"https:\/\/linitiative.ca\/International\/wp-json\/wp\/v2\/types\/post"}],"author":[{"embeddable":true,"href":"https:\/\/linitiative.ca\/International\/wp-json\/wp\/v2\/users\/1759"}],"replies":[{"embeddable":true,"href":"https:\/\/linitiative.ca\/International\/wp-json\/wp\/v2\/comments?post=124023"}],"version-history":[{"count":0,"href":"https:\/\/linitiative.ca\/International\/wp-json\/wp\/v2\/posts\/124023\/revisions"}],"wp:attachment":[{"href":"https:\/\/linitiative.ca\/International\/wp-json\/wp\/v2\/media?parent=124023"}],"wp:term":[{"taxonomy":"category","embeddable":true,"href":"https:\/\/linitiative.ca\/International\/wp-json\/wp\/v2\/categories?post=124023"},{"taxonomy":"post_tag","embeddable":true,"href":"https:\/\/linitiative.ca\/International\/wp-json\/wp\/v2\/tags?post=124023"}],"curies":[{"name":"wp","href":"https:\/\/api.w.org\/{rel}","templated":true}]}}