{"id":124026,"date":"2021-08-13T10:34:18","date_gmt":"2021-08-13T14:34:18","guid":{"rendered":"https:\/\/linitiative.ca\/International\/elections-legislatives-et-communales-le-ministere-de-linterieur-ouvre-les-candidatures-des-le-16-aout\/"},"modified":"2021-08-13T10:34:18","modified_gmt":"2021-08-13T14:34:18","slug":"elections-legislatives-et-communales-le-ministere-de-linterieur-ouvre-les-candidatures-des-le-16-aout","status":"publish","type":"post","link":"https:\/\/linitiative.ca\/International\/elections-legislatives-et-communales-le-ministere-de-linterieur-ouvre-les-candidatures-des-le-16-aout\/","title":{"rendered":"Elections l\u00e9gislatives et communales\u00a0:\u00a0Le minist\u00e8re de l\u2019Int\u00e9rieur ouvre les candidatures d\u00e8s le 16 ao\u00fbt"},"content":{"rendered":"<div>\n<p><img decoding=\"async\" width=\"300\" height=\"153\" src=\"https:\/\/linitiative.ca\/International\/wp-content\/uploads\/sites\/23\/2021\/08\/Elections-Maroc-300x153-1.jpg\" class=\"attachment-medium size-medium wp-post-image\" alt=\"\" loading=\"lazy\" srcset=\"\/\/aujourdhui.ma\/wp-content\/uploads\/2021\/03\/Elections-Maroc-300x153.jpg 300w, \/\/aujourdhui.ma\/wp-content\/uploads\/2021\/03\/Elections-Maroc-274x140.jpg 274w, \/\/aujourdhui.ma\/wp-content\/uploads\/2021\/03\/Elections-Maroc.jpg 746w, \/\/aujourdhui.ma\/wp-content\/uploads\/2021\/03\/Elections-Maroc-165x84.jpg 165w, \/\/aujourdhui.ma\/wp-content\/uploads\/2021\/03\/Elections-Maroc-702x358.jpg 702w\" sizes=\"auto, (max-width: 300px) 100vw, 300px\"><\/p>\n<p><span style=\"color: #800000;\"><strong>C\u2019est parti pour les candidatures aux \u00e9lections l\u00e9gislatives et communales. Leur d\u00e9p\u00f4t sera, comme vient de l\u2019annoncer officiellement le minist\u00e8re de l\u2019Int\u00e9rieur, \u00a0ouvert \u00ab\u00a0du 16 au 25 ao\u00fbt \u00e0 12h00\u00a0\u00bb.<\/strong><\/span><span id=\"more-384039\"><\/span><\/p>\n<p>En d\u00e9tail, les candidatures des membres de la Chambre des repr\u00e9sentants seront, selon le m\u00eame d\u00e9partement, d\u00e9pos\u00e9es \u00ab\u00a0sous forme de listes de candidatures par chaque t\u00eate de liste au si\u00e8ge de la commune ou la province ou encore la commune des arrondissements concern\u00e9s au titre des circonscriptions \u00e9lectorales locales et au si\u00e8ge de la Wilaya de la r\u00e9gion au titre des circonscriptions \u00e9lectorales r\u00e9gionales\u00a0\u00bb. Quant aux \u00e9lections des membres des Conseils de communes et d\u2019arrondissement, les candidatures seront, selon la m\u00eame source, d\u00e9pos\u00e9es \u00ab\u00a0sous formes de listes de candidature ou d\u00e9clarations individuelles par chaque t\u00eate de liste ou tout candidat au si\u00e8ge de l\u2019autorit\u00e9 administrative locale relevant du ressort du cercle de la commune ou l\u2019arrondissement\u00a0\u00bb. Concernant les candidatures des membres des conseils des r\u00e9gions, elles seront d\u00e9pos\u00e9es \u00ab\u00a0sous formes de listes par chaque t\u00eate de liste au si\u00e8ge de la commune ou la province ou encore la commune des arrondissements relevant du territoire de la r\u00e9gion concern\u00e9e\u00a0\u00bb.<\/p>\n<p>Pour rappel, la campagne d\u00e9marre le 26 ao\u00fbt.<\/p>\n<\/div>\n<p>Auteur: ALM<br \/>\n<a href=\"https:\/\/aujourdhui.ma\/politique\/elections-legislatives-et-communales-le-ministere-de-linterieur-ouvre-les-candidatures-des-le-16-aout\">Cliquez ici pour lire l&rsquo;article depuis sa source.<\/a><\/p>\n","protected":false},"excerpt":{"rendered":"<p>C\u2019est parti pour les candidatures aux \u00e9lections l\u00e9gislatives et communales. Leur d\u00e9p\u00f4t sera, comme vient de l\u2019annoncer officiellement le minist\u00e8re de l\u2019Int\u00e9rieur, \u00a0ouvert \u00ab\u00a0du 16 au 25 ao\u00fbt \u00e0 12h00\u00a0\u00bb. En d\u00e9tail, les candidatures des membres de la Chambre des repr\u00e9sentants seront, selon le m\u00eame d\u00e9partement, d\u00e9pos\u00e9es \u00ab\u00a0sous forme de listes de candidatures par chaque [&hellip;]<\/p>\n","protected":false},"author":1759,"featured_media":0,"comment_status":"closed","ping_status":"closed","sticky":false,"template":"","format":"standard","meta":{"fifu_image_url":"https:\/\/aujourdhui.ma\/wp-content\/uploads\/2021\/03\/Elections-Maroc-300x153.jpg","fifu_image_alt":"Elections l\u00e9gislatives et communales\u00a0:\u00a0Le minist\u00e8re de l\u2019Int\u00e9rieur ouvre les candidatures d\u00e8s le 16 ao\u00fbt","footnotes":""},"categories":[73,54],"tags":[],"class_list":["post-124026","post","type-post","status-publish","format-standard","hentry","category-actualite","category-maroc"],"_links":{"self":[{"href":"https:\/\/linitiative.ca\/International\/wp-json\/wp\/v2\/posts\/124026","targetHints":{"allow":["GET"]}}],"collection":[{"href":"https:\/\/linitiative.ca\/International\/wp-json\/wp\/v2\/posts"}],"about":[{"href":"https:\/\/linitiative.ca\/International\/wp-json\/wp\/v2\/types\/post"}],"author":[{"embeddable":true,"href":"https:\/\/linitiative.ca\/International\/wp-json\/wp\/v2\/users\/1759"}],"replies":[{"embeddable":true,"href":"https:\/\/linitiative.ca\/International\/wp-json\/wp\/v2\/comments?post=124026"}],"version-history":[{"count":0,"href":"https:\/\/linitiative.ca\/International\/wp-json\/wp\/v2\/posts\/124026\/revisions"}],"wp:attachment":[{"href":"https:\/\/linitiative.ca\/International\/wp-json\/wp\/v2\/media?parent=124026"}],"wp:term":[{"taxonomy":"category","embeddable":true,"href":"https:\/\/linitiative.ca\/International\/wp-json\/wp\/v2\/categories?post=124026"},{"taxonomy":"post_tag","embeddable":true,"href":"https:\/\/linitiative.ca\/International\/wp-json\/wp\/v2\/tags?post=124026"}],"curies":[{"name":"wp","href":"https:\/\/api.w.org\/{rel}","templated":true}]}}