{"id":124028,"date":"2021-08-13T11:05:41","date_gmt":"2021-08-13T15:05:41","guid":{"rendered":"https:\/\/linitiative.ca\/International\/taounate-reconversion-de-115-ha-de-cereales-en-amandier-pour-produire-3-tonnes-ha\/"},"modified":"2021-08-13T11:05:41","modified_gmt":"2021-08-13T15:05:41","slug":"taounate-reconversion-de-115-ha-de-cereales-en-amandier-pour-produire-3-tonnes-ha","status":"publish","type":"post","link":"https:\/\/linitiative.ca\/International\/taounate-reconversion-de-115-ha-de-cereales-en-amandier-pour-produire-3-tonnes-ha\/","title":{"rendered":"Taounate:\u00a0Reconversion de 115 ha de c\u00e9r\u00e9ales en amandier pour produire 3 tonnes\/ha"},"content":{"rendered":"<div>\n<p><img decoding=\"async\" width=\"300\" height=\"153\" src=\"https:\/\/linitiative.ca\/International\/wp-content\/uploads\/sites\/23\/2021\/08\/amandiers-300x153-1.jpg\" class=\"attachment-medium size-medium wp-post-image\" alt=\"\" loading=\"lazy\" srcset=\"\/\/aujourdhui.ma\/wp-content\/uploads\/2020\/03\/amandiers-300x153.jpg 300w, \/\/aujourdhui.ma\/wp-content\/uploads\/2020\/03\/amandiers.jpg 746w\" sizes=\"auto, (max-width: 300px) 100vw, 300px\"><\/p>\n<p><span style=\"color: #800000;\"><strong>115 ha de c\u00e9r\u00e9ales sont en cours de plantation en amandier dans la province de Taounate.<\/strong> <\/span><\/p>\n<p><span id=\"more-384041\"><\/span><\/p>\n<p>La superficie totale vient d\u2019\u00eatre pr\u00e9cis\u00e9e par la direction provinciale de l\u2019agriculture (DPA) qui indiquent que ces projets agricoles, qui se situent dans la localit\u00e9 de Jbel Sadra dans la commune de Timidit, \u201cprofitent \u00e0 45 agriculteurs\u201d.<\/p>\n<p>Ils visent, entre autres, \u201c\u00e0 \u00e9largir la superficie d\u00e9di\u00e9e \u00e0 l\u2019amandier, am\u00e9liorer le rendement de la production pour atteindre 3 tonnes\/ha, d\u00e9velopper le revenu des agriculteurs, augmenter la valeur ajout\u00e9e totale de la production et cr\u00e9er des jours d\u2019emploi suppl\u00e9mentaires\u201d.<\/p>\n<p>D\u2019apr\u00e8s la DPA, la strat\u00e9gie du Plan Maroc Vert (PMV) a accord\u00e9 une importance particuli\u00e8re \u00e0 la fili\u00e8re des arbres fruitiers, eu \u00e9gard \u00e0 l\u2019importance socio-\u00e9conomique du secteur dans le d\u00e9veloppement de la r\u00e9gion et \u00e0 la n\u00e9cessit\u00e9 d\u2019une utilisation optimale des ressources dont regorgent certaines zones, \u00e0 travers l\u2019extension des superficies et l\u2019am\u00e9lioration des plantations actuelles.<\/p>\n<p>La fili\u00e8re a b\u00e9n\u00e9fici\u00e9 de plusieurs programmes et projets, dont le programme Millenium Challenge Account (MCA), le PMV de l\u2019agriculture solidaire et l\u2019appui de l\u2019investissement dans le cadre du Fonds de d\u00e9veloppement agricole.<\/p>\n<p>Plusieurs atouts favorisent le d\u00e9veloppement de la fili\u00e8re dans la province de Taounate. Il s\u2019agit, notamment, des conditions climatiques et naturelles adapt\u00e9es aux arbres fruitiers, la possibilit\u00e9 d\u2019agrandir les superficies et d\u2019introduire de nouvelles vari\u00e9t\u00e9s de haute productivit\u00e9 et qualit\u00e9, la pr\u00e9sence de terrains en pente pouvant \u00eatre plant\u00e9s, prot\u00e9geant ainsi le sol de l\u2019\u00e9rosion, l\u2019appui de l\u2019\u00c9tat dans le cadre du Fonds de d\u00e9veloppement agricole et la hausse de la demande de produits de haute qualit\u00e9, outre l\u2019\u00e9largissement des circuits irrigu\u00e9s dans la province, qui permet de cr\u00e9er des domaines d\u2019irrigation modernes et intensifs.<\/p>\n<\/div>\n<p>Auteur: ALM<br \/>\n<a href=\"https:\/\/aujourdhui.ma\/economie\/taounate-reconversion-de-115-ha-de-cereales-en-amandier-pour-produire-3-tonnes-ha\">Cliquez ici pour lire l&rsquo;article depuis sa source.<\/a><\/p>\n","protected":false},"excerpt":{"rendered":"<p>115 ha de c\u00e9r\u00e9ales sont en cours de plantation en amandier dans la province de Taounate. La superficie totale vient d\u2019\u00eatre pr\u00e9cis\u00e9e par la direction provinciale de l\u2019agriculture (DPA) qui indiquent que ces projets agricoles, qui se situent dans la localit\u00e9 de Jbel Sadra dans la commune de Timidit, \u201cprofitent \u00e0 45 agriculteurs\u201d. Ils visent, [&hellip;]<\/p>\n","protected":false},"author":1759,"featured_media":0,"comment_status":"closed","ping_status":"closed","sticky":false,"template":"","format":"standard","meta":{"fifu_image_url":"https:\/\/aujourdhui.ma\/wp-content\/uploads\/2020\/03\/amandiers-300x153.jpg","fifu_image_alt":"Taounate:\u00a0Reconversion de 115 ha de c\u00e9r\u00e9ales en amandier pour produire 3 tonnes\/ha","footnotes":""},"categories":[73,54],"tags":[],"class_list":["post-124028","post","type-post","status-publish","format-standard","hentry","category-actualite","category-maroc"],"_links":{"self":[{"href":"https:\/\/linitiative.ca\/International\/wp-json\/wp\/v2\/posts\/124028","targetHints":{"allow":["GET"]}}],"collection":[{"href":"https:\/\/linitiative.ca\/International\/wp-json\/wp\/v2\/posts"}],"about":[{"href":"https:\/\/linitiative.ca\/International\/wp-json\/wp\/v2\/types\/post"}],"author":[{"embeddable":true,"href":"https:\/\/linitiative.ca\/International\/wp-json\/wp\/v2\/users\/1759"}],"replies":[{"embeddable":true,"href":"https:\/\/linitiative.ca\/International\/wp-json\/wp\/v2\/comments?post=124028"}],"version-history":[{"count":0,"href":"https:\/\/linitiative.ca\/International\/wp-json\/wp\/v2\/posts\/124028\/revisions"}],"wp:attachment":[{"href":"https:\/\/linitiative.ca\/International\/wp-json\/wp\/v2\/media?parent=124028"}],"wp:term":[{"taxonomy":"category","embeddable":true,"href":"https:\/\/linitiative.ca\/International\/wp-json\/wp\/v2\/categories?post=124028"},{"taxonomy":"post_tag","embeddable":true,"href":"https:\/\/linitiative.ca\/International\/wp-json\/wp\/v2\/tags?post=124028"}],"curies":[{"name":"wp","href":"https:\/\/api.w.org\/{rel}","templated":true}]}}