{"id":124030,"date":"2021-08-13T11:30:35","date_gmt":"2021-08-13T15:30:35","guid":{"rendered":"https:\/\/linitiative.ca\/International\/il-vient-de-lancer-son-premier-single-mouhcine-nachet-nouvellement-chanteur-et-acteur-mais-deja-footballeur\/"},"modified":"2021-08-13T11:30:35","modified_gmt":"2021-08-13T15:30:35","slug":"il-vient-de-lancer-son-premier-single-mouhcine-nachet-nouvellement-chanteur-et-acteur-mais-deja-footballeur","status":"publish","type":"post","link":"https:\/\/linitiative.ca\/International\/il-vient-de-lancer-son-premier-single-mouhcine-nachet-nouvellement-chanteur-et-acteur-mais-deja-footballeur\/","title":{"rendered":"Il vient de lancer son premier single : Mouhcine Nachet , nouvellement chanteur et acteur mais d\u00e9j\u00e0\u2026 footballeur !"},"content":{"rendered":"<div>\n<p><img decoding=\"async\" width=\"300\" height=\"153\" src=\"https:\/\/linitiative.ca\/International\/wp-content\/uploads\/sites\/23\/2021\/08\/Mouhcine-Nachet-nouvellement-chanteur-et-acteur-300x153-1.jpg\" class=\"attachment-medium size-medium wp-post-image\" alt=\"\" loading=\"lazy\" srcset=\"\/\/aujourdhui.ma\/wp-content\/uploads\/2021\/08\/Mouhcine-Nachet-nouvellement-chanteur-et-acteur-300x153.jpg 300w, \/\/aujourdhui.ma\/wp-content\/uploads\/2021\/08\/Mouhcine-Nachet-nouvellement-chanteur-et-acteur-274x140.jpg 274w, \/\/aujourdhui.ma\/wp-content\/uploads\/2021\/08\/Mouhcine-Nachet-nouvellement-chanteur-et-acteur.jpg 746w, \/\/aujourdhui.ma\/wp-content\/uploads\/2021\/08\/Mouhcine-Nachet-nouvellement-chanteur-et-acteur-165x84.jpg 165w, \/\/aujourdhui.ma\/wp-content\/uploads\/2021\/08\/Mouhcine-Nachet-nouvellement-chanteur-et-acteur-702x358.jpg 702w\" sizes=\"auto, (max-width: 300px) 100vw, 300px\"><\/p>\n<p><span style=\"color: #800000;\"><strong>Les fans de foot, notamment du Wydad Athletic Club (WAC) de Casablanca, le reconna\u00eetront s\u00fbrement.<\/strong><\/span><span id=\"more-384007\"><\/span><\/p>\n<p>Mouhcine Nachet, ex-joueur de cette \u00e9quipe, s\u2019est converti en chanteur. Il vient de lancer son nouveau vid\u00e9oclip intitul\u00e9 \u00abNess lil\u00bb. Un single qui marque ainsi, comme il le pr\u00e9cise, sa \u00abpremi\u00e8re exp\u00e9rience en chansons\u00bb. Dans cette oeuvre, qui a d\u00e9j\u00e0 r\u00e9colt\u00e9 plus de 115.000 vues apr\u00e8s son lancement sur le r\u00e9seau de partages de vid\u00e9os YouTube dans lequel elle est class\u00e9e en t\u00eate des tendances, c\u2019est un artiste, dont la grande carrure de sportif est facilement perceptible, qui s\u2019affiche visiblement en toute confiance. Il y a collabor\u00e9 avec le studio \u00abDivenchi music\u00bb qui a con\u00e7u les paroles et la composition du morceau dont les pr\u00e9paratifs ont, selon le chanteur, pris \u00abplus d\u2019un mois et demi\u00bb. Quant \u00e0 la conception du clip, elle a \u00e9t\u00e9 faite sous la supervision du r\u00e9alisateur marocain, Hatim Taif, qui a choisi de le tourner dans la ville d\u2019Essaouira ainsi que dans un h\u00f4tel class\u00e9 \u00e0 Casablanca.<\/p>\n<p>A propos de son entr\u00e9e en sc\u00e8ne artistique, le chanteur l\u2019explique par son \u00abinvitation \u00e0 participer \u00e0 la c\u00e9l\u00e9brissime s\u00e9rie espagnole \u00abLa casa de papel\u00bb (La maison de papier), par l\u2019encouragement de grands artistes pour mener l\u2019exp\u00e9rience en chansons\u00bb. Comme il l\u2019indique \u00e9galement, c\u2019est son admission au casting de cette s\u00e9rie qui lui a \u00abdonn\u00e9 une plus grande confiance pour entrer dans la sc\u00e8ne artistique, se professionnaliser en personnification et chanson sans laisser tomber le football\u00bb. Ainsi, Mouhcine Nachet se pr\u00e9pare \u00e0 mener une premi\u00e8re exp\u00e9rience en tant qu\u2019acteur dans cette oeuvre. Il rejoindra, \u00abdans les prochaines semaines l\u2019\u00e9quipe de \u00abLa casa de papel\u00bb pour participer \u00e0 sa cinqui\u00e8me saison\u00bb. Avec cette partie, cette s\u00e9rie toucherait \u00e0 sa fin. Ce serait la derni\u00e8re saison que les adeptes de Netflix, qui en a d\u00e9j\u00e0 d\u00e9voil\u00e9 la bande-annonce du volume 1 de cinq \u00e9pisodes, d\u00e9couvriront \u00e0 la rentr\u00e9e en septembre prochain.<\/p>\n<p>A partir du d\u00e9but d\u00e9cembre, un deuxi\u00e8me volume suivra avec cinq \u00e9pisodes \u00e9galement de cette oeuvre dont certains h\u00e9ros sont connus pour porter des noms de capitales mondiales comme \u00abLisbonne \u00bb, \u00abRio\u00bb, \u00abBerlin\u00bb, \u00abMoscou\u00bb, \u00abBogota\u00bb, \u00abTokyo\u00bb et \u00abNairobi\u00bb qui a d\u00e9j\u00e0 disparu dans la saison pr\u00e9c\u00e9dente. A leur tour, les personnages sont issus de diff\u00e9rentes nationalit\u00e9s. Outre ceux espagnols, d\u2019autres sont serbes, hispano-arm\u00e9niens, croates. Avec l\u2019entr\u00e9e de Mouhcine Nachet dans ce casting, le Maroc sera \u00e0 son tour pr\u00e9sent dans la carte de cette production de grande renomm\u00e9e mondiale<\/p>\n<\/div>\n<p>Auteur: Salima Guisser<br \/>\n<a href=\"https:\/\/aujourdhui.ma\/culture\/il-vient-de-lancer-son-premier-single-mouhcine-nachet-nouvellement-chanteur-et-acteur-mais-deja-footballeur\">Cliquez ici pour lire l&rsquo;article depuis sa source.<\/a><\/p>\n","protected":false},"excerpt":{"rendered":"<p>Les fans de foot, notamment du Wydad Athletic Club (WAC) de Casablanca, le reconna\u00eetront s\u00fbrement. Mouhcine Nachet, ex-joueur de cette \u00e9quipe, s\u2019est converti en chanteur. Il vient de lancer son nouveau vid\u00e9oclip intitul\u00e9 \u00abNess lil\u00bb. Un single qui marque ainsi, comme il le pr\u00e9cise, sa \u00abpremi\u00e8re exp\u00e9rience en chansons\u00bb. Dans cette oeuvre, qui a d\u00e9j\u00e0 [&hellip;]<\/p>\n","protected":false},"author":1759,"featured_media":0,"comment_status":"closed","ping_status":"closed","sticky":false,"template":"","format":"standard","meta":{"fifu_image_url":"https:\/\/aujourdhui.ma\/wp-content\/uploads\/2021\/08\/Mouhcine-Nachet-nouvellement-chanteur-et-acteur-300x153.jpg","fifu_image_alt":"Il vient de lancer son premier single : Mouhcine Nachet , nouvellement chanteur et acteur mais d\u00e9j\u00e0\u2026 footballeur !","footnotes":""},"categories":[73,54],"tags":[],"class_list":["post-124030","post","type-post","status-publish","format-standard","hentry","category-actualite","category-maroc"],"_links":{"self":[{"href":"https:\/\/linitiative.ca\/International\/wp-json\/wp\/v2\/posts\/124030","targetHints":{"allow":["GET"]}}],"collection":[{"href":"https:\/\/linitiative.ca\/International\/wp-json\/wp\/v2\/posts"}],"about":[{"href":"https:\/\/linitiative.ca\/International\/wp-json\/wp\/v2\/types\/post"}],"author":[{"embeddable":true,"href":"https:\/\/linitiative.ca\/International\/wp-json\/wp\/v2\/users\/1759"}],"replies":[{"embeddable":true,"href":"https:\/\/linitiative.ca\/International\/wp-json\/wp\/v2\/comments?post=124030"}],"version-history":[{"count":0,"href":"https:\/\/linitiative.ca\/International\/wp-json\/wp\/v2\/posts\/124030\/revisions"}],"wp:attachment":[{"href":"https:\/\/linitiative.ca\/International\/wp-json\/wp\/v2\/media?parent=124030"}],"wp:term":[{"taxonomy":"category","embeddable":true,"href":"https:\/\/linitiative.ca\/International\/wp-json\/wp\/v2\/categories?post=124030"},{"taxonomy":"post_tag","embeddable":true,"href":"https:\/\/linitiative.ca\/International\/wp-json\/wp\/v2\/tags?post=124030"}],"curies":[{"name":"wp","href":"https:\/\/api.w.org\/{rel}","templated":true}]}}