{"id":124032,"date":"2021-08-12T14:00:00","date_gmt":"2021-08-12T18:00:00","guid":{"rendered":"https:\/\/linitiative.ca\/International\/lancement-dune-formation-pour-le-renforcement-du-leadership-des-candidates\/"},"modified":"2021-08-12T14:00:00","modified_gmt":"2021-08-12T18:00:00","slug":"lancement-dune-formation-pour-le-renforcement-du-leadership-des-candidates","status":"publish","type":"post","link":"https:\/\/linitiative.ca\/International\/lancement-dune-formation-pour-le-renforcement-du-leadership-des-candidates\/","title":{"rendered":"Lancement d\u2019une formation pour le renforcement du leadership des candidates"},"content":{"rendered":"<div>\n<p class=\"has-text-align-center has-vivid-red-color has-text-color\"><strong>Elections<\/strong><\/p>\n<p class=\"has-black-color has-text-color\"><strong>Le minist\u00e8re de la solidarit\u00e9, du d\u00e9veloppement social, de l\u2019\u00e9galit\u00e9 et de la famille et ONU-Femmes Maroc ont inaugur\u00e9, jeudi \u00e0 Rabat, un cycle de formation pour le renforcement du leadership f\u00e9minin au profit des candidates aux \u00e9lections de 2021.<\/strong><\/p>\n<p class=\"has-black-color has-text-color\">La formation, qui s\u2019\u00e9tendra jusqu\u2019au 31 ao\u00fbt, est ax\u00e9e sur les domaines en lien avec le processus \u00e9lectoral, la cons\u00e9cration des bonnes pratiques en mati\u00e8re de communication, de leadership politique et de promotion d\u2019un climat propice \u00e0 l\u2019\u00e9galit\u00e9 homme-femme dans la sph\u00e8re politique, en plus de la participation agissante des femmes aux \u00e9lections pr\u00e9vues le 8 septembre prochain.<\/p>\n<p class=\"has-black-color has-text-color\">La directrice charg\u00e9e de la femme au minist\u00e8re, Fatima Berkane, a soulign\u00e9, au cours de la s\u00e9ance d\u2019ouverture, la n\u00e9cessit\u00e9 de consolider les capacit\u00e9s des candidates en mati\u00e8re de leadership, de gestion des campagnes ou encore d\u2019utilisation des technologies de l\u2019information et de la communication.<\/p>\n<p class=\"has-black-color has-text-color\">Compte tenu de la conjoncture exceptionnelle li\u00e9e \u00e0 la propagation de la pand\u00e9mie de Covid-19, les sessions de formation se tiennent \u00e0 distance, sous forme de visioconf\u00e9rence, a expliqu\u00e9 la responsable, notant que le cycle b\u00e9n\u00e9ficie aux candidates de toutes les r\u00e9gions et de toutes les couleurs politiques.<\/p>\n<p class=\"has-black-color has-text-color\">Cette initiative permettra d\u2019\u00e9tablir un partage et un d\u00e9bat constructifs sur les d\u00e9fis et enjeux de la participation et de la repr\u00e9sentation des femmes au sein des organes \u00e9lus aux niveaux national et local, a-t-elle soulev\u00e9.<\/p>\n<p class=\"has-black-color has-text-color\">Pour sa part, le chef de la division de l\u2019autonomisation de la femme au m\u00eame minist\u00e8re, Abdelillah Hmidouche, a \u00e9voqu\u00e9 les diverses mesures d\u00e9ploy\u00e9es par le Royaume pour promouvoir les droits des femmes, renforcer leur participation politiques, stimuler leur autonomisation \u00e9conomique et lutter contre toutes les formes de violence \u00e0 leur \u00e9gard.<\/p>\n<p class=\"has-black-color has-text-color\">Le plan gouvernemental pour l\u2019\u00e9galit\u00e9 (PGE) \u00ab\u00a0IKRAM 1\u00a0\u00bb, qui s\u2019est \u00e9tal\u00e9 sur la p\u00e9riode 2012-2016, a permis d\u2019enclencher une s\u00e9rie de r\u00e9formes \u00e0 caract\u00e8re structurel et structurant, a-t-il affirm\u00e9, ajoutant que la deuxi\u00e8me \u00e9dition de ce plan (2017-2021) a pris en consid\u00e9ration l\u2019aspect culturel pour concr\u00e9tiser le principe d\u2019\u00e9galit\u00e9.<\/p>\n<p class=\"has-black-color has-text-color\">La vision \u00ab\u00a0Ikram2\u00a0\u00bb, bas\u00e9e selon une approche de respect des droits de l\u2019Homme, porte notamment sur le renforcement de l\u2019employabilit\u00e9, l\u2019autonomisation \u00e9conomique des femmes, la promotion de l\u2019\u00e9galit\u00e9 entre les genres dans les domaines des responsabilit\u00e9s familiales, la participation des femmes dans la prise de d\u00e9cision, la protection des femmes et le renforcement et la consolidation des droits des femmes, a-t-il indiqu\u00e9.<\/p>\n<p class=\"has-black-color has-text-color\">Cette rencontre semi-pr\u00e9sentielle a connu la participation d\u2019une panoplie de personnalit\u00e9s politiques, acad\u00e9miques et onusiennes, toutes encourageant la participation politique des femmes et promouvant sa pr\u00e9sence dans les postes de responsabilit\u00e9 et de d\u00e9cision.<\/p>\n<p>L\u2019article <a rel=\"nofollow\" href=\"http:\/\/albayane.press.ma\/lancement-dune-formation-pour-le-renforcement-du-leadership-des-candidates.html\">Lancement d\u2019une formation pour le renforcement du leadership des candidates<\/a> est apparu en premier sur <a rel=\"nofollow\" href=\"http:\/\/albayane.press.ma\/\">ALBAYANE<\/a>.<\/p>\n<\/div>\n<p>Auteur: M&rsquo;hammed rahal<br \/>\n<a href=\"http:\/\/albayane.press.ma\/lancement-dune-formation-pour-le-renforcement-du-leadership-des-candidates.html\">Cliquez ici pour lire l&rsquo;article depuis sa source.<\/a><\/p>\n","protected":false},"excerpt":{"rendered":"<p>Elections Le minist\u00e8re de la solidarit\u00e9, du d\u00e9veloppement social, de l\u2019\u00e9galit\u00e9 et de la famille et ONU-Femmes Maroc ont inaugur\u00e9, jeudi \u00e0 Rabat, un cycle de formation pour le renforcement du leadership f\u00e9minin au profit des candidates aux \u00e9lections de 2021. La formation, qui s\u2019\u00e9tendra jusqu\u2019au 31 ao\u00fbt, est ax\u00e9e sur les domaines en lien [&hellip;]<\/p>\n","protected":false},"author":1760,"featured_media":0,"comment_status":"closed","ping_status":"closed","sticky":false,"template":"","format":"standard","meta":{"fifu_image_url":"","fifu_image_alt":"","footnotes":""},"categories":[73,54],"tags":[],"class_list":["post-124032","post","type-post","status-publish","format-standard","hentry","category-actualite","category-maroc"],"_links":{"self":[{"href":"https:\/\/linitiative.ca\/International\/wp-json\/wp\/v2\/posts\/124032","targetHints":{"allow":["GET"]}}],"collection":[{"href":"https:\/\/linitiative.ca\/International\/wp-json\/wp\/v2\/posts"}],"about":[{"href":"https:\/\/linitiative.ca\/International\/wp-json\/wp\/v2\/types\/post"}],"author":[{"embeddable":true,"href":"https:\/\/linitiative.ca\/International\/wp-json\/wp\/v2\/users\/1760"}],"replies":[{"embeddable":true,"href":"https:\/\/linitiative.ca\/International\/wp-json\/wp\/v2\/comments?post=124032"}],"version-history":[{"count":0,"href":"https:\/\/linitiative.ca\/International\/wp-json\/wp\/v2\/posts\/124032\/revisions"}],"wp:attachment":[{"href":"https:\/\/linitiative.ca\/International\/wp-json\/wp\/v2\/media?parent=124032"}],"wp:term":[{"taxonomy":"category","embeddable":true,"href":"https:\/\/linitiative.ca\/International\/wp-json\/wp\/v2\/categories?post=124032"},{"taxonomy":"post_tag","embeddable":true,"href":"https:\/\/linitiative.ca\/International\/wp-json\/wp\/v2\/tags?post=124032"}],"curies":[{"name":"wp","href":"https:\/\/api.w.org\/{rel}","templated":true}]}}