{"id":124033,"date":"2021-08-12T14:00:00","date_gmt":"2021-08-12T18:00:00","guid":{"rendered":"https:\/\/linitiative.ca\/International\/la-myopie-du-regime-algerien\/"},"modified":"2021-08-12T14:00:00","modified_gmt":"2021-08-12T18:00:00","slug":"la-myopie-du-regime-algerien","status":"publish","type":"post","link":"https:\/\/linitiative.ca\/International\/la-myopie-du-regime-algerien\/","title":{"rendered":"La myopie du r\u00e9gime alg\u00e9rien"},"content":{"rendered":"<div>\n<p class=\"has-text-align-right has-black-color has-text-color\"><strong>Saoudi El Amalki<\/strong><\/p>\n<p class=\"has-vivid-cyan-blue-color has-text-color\"><strong>Encore une fois, la junte alg\u00e9rienne perd son sens de la raison. Fortement atteinte de c\u00e9cit\u00e9 par la flamme \u00e9tincelante de son rival nord-africain, elle ne r\u00e9alise m\u00eame pas qu\u2019il s\u2019agit de la s\u00e9curit\u00e9 de son peuple, immol\u00e9 par les braises de l\u2019incendie d\u00e9vastateur. Juste apr\u00e8s la main tendue sugg\u00e9r\u00e9e par le Souverain, lors du r\u00e9cent discours du tr\u00f4ne, cet acte solennel passe ipso facto, \u00e0 la concr\u00e9tisation, d\u00e8s que l\u2019occasion se pr\u00e9sente au grand jour.<\/strong><\/p>\n<p>Aussit\u00f4t que le feu d\u00e9vore des r\u00e9gions du voisin de l\u2019est, en particulier les zones Kabyles, le Roi du Maroc, en parfaite application des propos r\u00e9conciliateurs, ordonne la mise \u00e0 disposition des Canadairs au profit du peuple min\u00e9 par les lames incendiaires, sit\u00f4t que les militaristes font signe. Mais, frapp\u00e9s par la d\u00e9n\u00e9gation et la rancune syst\u00e9matiques, ils d\u00e9clinent l\u2019offre Royale et s\u2019en vont s\u2019en procurer ailleurs, en mettant un temps ahurissant pour le faire, alors que des milliers de citoyens p\u00e2tissent sous les \u00e9claboussures qui br\u00fblent les for\u00eats et les territoires du pays.<\/p>\n<p>Il est bien clair que les gouvernants en saisissent l\u2019opportunit\u00e9 de temporiser car, d\u2019une part, les \u00e9meutes des vendredis font rage et r\u00e9clament leur t\u00eate et, d\u2019autre part, le fl\u00e9au survient au point nomm\u00e9 pour att\u00e9nuer les rebellions \u00ab s\u00e9paratistes \u00bb en Kabylie. Cependant, non seulement les galonn\u00e9s alg\u00e9rois tournent le dos \u00e0 cette main tendue effective, mais ils accusent notre pays \u00e0 d\u00e9clencher la catastrophe et, de cet effet,\u00a0 attiser la tension.<\/p>\n<p>On ne peut plus \u00eatre aussi bas au sein de ramassis des caporaux myopes pour lesquels la sant\u00e9 et la survie du peuple est le dernier de leurs soucis. Ainsi, ils ne font que se d\u00e9cr\u00e9dibiliser davantage sur la sc\u00e8ne internationale par cette attitude vaseuse et d\u00e9raisonnable. Malgr\u00e9 toute cette aberration, notre pays continuera \u00e0 tendre la main, non pas pour un r\u00e9gime tyrannique, mais pour un peuple meurtri sous son autocratie immonde.<\/p>\n<p>L\u2019article <a rel=\"nofollow\" href=\"http:\/\/albayane.press.ma\/la-myopie-du-regime-algerien.html\">La myopie du r\u00e9gime alg\u00e9rien<\/a> est apparu en premier sur <a rel=\"nofollow\" href=\"http:\/\/albayane.press.ma\/\">ALBAYANE<\/a>.<\/p>\n<\/div>\n<p>Auteur: M&rsquo;hammed rahal<br \/>\n<a href=\"http:\/\/albayane.press.ma\/la-myopie-du-regime-algerien.html\">Cliquez ici pour lire l&rsquo;article depuis sa source.<\/a><\/p>\n","protected":false},"excerpt":{"rendered":"<p>Saoudi El Amalki Encore une fois, la junte alg\u00e9rienne perd son sens de la raison. Fortement atteinte de c\u00e9cit\u00e9 par la flamme \u00e9tincelante de son rival nord-africain, elle ne r\u00e9alise m\u00eame pas qu\u2019il s\u2019agit de la s\u00e9curit\u00e9 de son peuple, immol\u00e9 par les braises de l\u2019incendie d\u00e9vastateur. Juste apr\u00e8s la main tendue sugg\u00e9r\u00e9e par le [&hellip;]<\/p>\n","protected":false},"author":1760,"featured_media":0,"comment_status":"closed","ping_status":"closed","sticky":false,"template":"","format":"standard","meta":{"fifu_image_url":"","fifu_image_alt":"","footnotes":""},"categories":[73,54],"tags":[],"class_list":["post-124033","post","type-post","status-publish","format-standard","hentry","category-actualite","category-maroc"],"_links":{"self":[{"href":"https:\/\/linitiative.ca\/International\/wp-json\/wp\/v2\/posts\/124033","targetHints":{"allow":["GET"]}}],"collection":[{"href":"https:\/\/linitiative.ca\/International\/wp-json\/wp\/v2\/posts"}],"about":[{"href":"https:\/\/linitiative.ca\/International\/wp-json\/wp\/v2\/types\/post"}],"author":[{"embeddable":true,"href":"https:\/\/linitiative.ca\/International\/wp-json\/wp\/v2\/users\/1760"}],"replies":[{"embeddable":true,"href":"https:\/\/linitiative.ca\/International\/wp-json\/wp\/v2\/comments?post=124033"}],"version-history":[{"count":0,"href":"https:\/\/linitiative.ca\/International\/wp-json\/wp\/v2\/posts\/124033\/revisions"}],"wp:attachment":[{"href":"https:\/\/linitiative.ca\/International\/wp-json\/wp\/v2\/media?parent=124033"}],"wp:term":[{"taxonomy":"category","embeddable":true,"href":"https:\/\/linitiative.ca\/International\/wp-json\/wp\/v2\/categories?post=124033"},{"taxonomy":"post_tag","embeddable":true,"href":"https:\/\/linitiative.ca\/International\/wp-json\/wp\/v2\/tags?post=124033"}],"curies":[{"name":"wp","href":"https:\/\/api.w.org\/{rel}","templated":true}]}}