{"id":124034,"date":"2021-08-12T14:00:00","date_gmt":"2021-08-12T18:00:00","guid":{"rendered":"https:\/\/linitiative.ca\/International\/mohamed-nabil-benabdallah-pour-le-pps-et-les-forces-de-gauche-les-elections-sont-la-veritable-bataille-pour-le-changement\/"},"modified":"2021-08-12T14:00:00","modified_gmt":"2021-08-12T18:00:00","slug":"mohamed-nabil-benabdallah-pour-le-pps-et-les-forces-de-gauche-les-elections-sont-la-veritable-bataille-pour-le-changement","status":"publish","type":"post","link":"https:\/\/linitiative.ca\/International\/mohamed-nabil-benabdallah-pour-le-pps-et-les-forces-de-gauche-les-elections-sont-la-veritable-bataille-pour-le-changement\/","title":{"rendered":"Mohamed Nabil Benabdallah : Pour le PPS et les forces de gauche, les \u00e9lections sont la v\u00e9ritable bataille pour le changement"},"content":{"rendered":"<div>\n<p class=\"has-text-align-center has-vivid-cyan-blue-color has-text-color\"><strong>La 7<sup>\u00e8me<\/sup>\u00a0 session du Comit\u00e9 Central du Parti du Progr\u00e8s et du Scialisme adopte \u00e0 la majorit\u00e9 du rapport du bureau politique<\/strong><\/p>\n<p class=\"has-text-align-center has-text-color\" style=\"color:#180dea\"><strong>Le PPS ne compte que sur la participation massive des forces du progr\u00e8s et du changement pour l\u2019emporter<\/strong><\/p>\n<p class=\"has-text-align-center has-text-color\" style=\"color:#2408d4\"><strong>\u2026 appelle \u00e0 l\u2019apaisement politique pour r\u00e9tablir la confiance et r\u00e9unir les conditions de succ\u00e8s des \u00e9lections<\/strong><\/p>\n<p class=\"has-text-align-center has-text-color\" style=\"color:#2408d4\"><strong>L\u2019utilisation \u00e0 grande \u00e9chelle de l\u2019argent interpelle sur le devenir du processus d\u00e9mocratique et institutionnel<\/strong><\/p>\n<p class=\"has-text-align-center has-vivid-cyan-blue-color has-text-color\"><em><strong>Le comit\u00e9 central du Parti du Progr\u00e8s et du Socialisme, r\u00e9uni, mercredi 11 aout courant \u00e0 distance dans le cadre de sa 7<sup>\u00e8me<\/sup> session ordinaire, a adopt\u00e9 \u00e0 la majorit\u00e9 \u00e9crasante le rapport du bureau politique, pr\u00e9sent\u00e9 par le Secr\u00e9taire G\u00e9n\u00e9ral du parti, Mohammed Nabil Benabdallah avec une voix contre et une autre dont l\u2019auteur a \u00e9mis une r\u00e9serve.<\/strong><\/em><\/p>\n<p class=\"has-black-color has-text-color\"><strong>Lors de cette session, qui se tient conform\u00e9ment aux statuts du parti, le comit\u00e9 central a approuv\u00e9 les listes d\u00e9j\u00e0 pr\u00eates des candidatures au titre des circonscriptions l\u00e9gislatives locales. Pour les autres, le comit\u00e9 central a mandat\u00e9 le bureau politique, \u00e0 la demande de ce dernier, pour en g\u00e9rer le processus et arr\u00eater les t\u00eates de listes. Ce retard est d\u00fb au fait que de \u00ab nombreuses sections ont enregistr\u00e9 du retard dans la pr\u00e9sentation de leurs propositions \u00bb, a expliqu\u00e9 le Secr\u00e9taire G\u00e9n\u00e9ral.<\/strong><\/p>\n<p class=\"has-black-color has-text-color\">A ce titre, il a rappel\u00e9 aussi que, dans le cadre des pr\u00e9paratifs des \u00e9ch\u00e9ances \u00e9lectorales de septembre prochain, le bureau politique du PPS avait mis sur pied une commission nationale qui avait re\u00e7u, du lundi 9 aout et mardi 10 aout courant, les candidates propos\u00e9es pour les t\u00eates de liste r\u00e9gionales aux l\u00e9gislatives.<\/p>\n<p class=\"has-black-color has-text-color\">Cette d\u00e9marche a permis d\u2019\u00e9tablir une classification pr\u00e9liminaire et objective des candidates au niveau de chaque r\u00e9gion.<\/p>\n<p class=\"has-black-color has-text-color\">Rappelant que, comme par le pass\u00e9, le Parti du Progr\u00e8s et du Socialisme a institu\u00e9 une proc\u00e9dure pr\u00e9cise \u00e0 ce sujet, bas\u00e9e sur la pr\u00e9sentation des candidatures f\u00e9minines \u00e0 partir des sections provinciales. Les conseils r\u00e9gionaux s\u2019\u00e9taient ensuite r\u00e9unis pour d\u00e9lib\u00e9rer et exprimer leur avis sur les diff\u00e9rentes candidatures avant que qu\u2019elles ne soient soumises aux instances nationales afin de trancher d\u00e9finitivement \u00e0 la lumi\u00e8re des conclusions de toutes les pr\u00e9c\u00e9dentes \u00e9tapes.<\/p>\n<p class=\"has-black-color has-text-color\"><strong>Appel \u00e0 la participation massive des forces du progr\u00e8s<\/strong><\/p>\n<p class=\"has-black-color has-text-color\">Dans un message \u00e0 l\u2019ensemble des citoyennes et des citoyens, le Secr\u00e9taire G\u00e9n\u00e9ral du PPS a soulign\u00e9 que pour les forces de la d\u00e9mocratie, de la gauche et du progr\u00e8s, les \u00e9lections constituent la plus importante \u00e9tape dans la bataille v\u00e9ritable pour le changement.<\/p>\n<p class=\"has-black-color has-text-color\">Ainsi, le PPS appelle l\u2019ensemble des citoyennes et des citoyens, et en particulier les jeunes, les femmes, les cadres, les intellectuels, les travailleurs, les paysans et toutes les honn\u00eates gens, \u00e0 se rendre le 8 septembre prochain aux urnes et \u00e0 voter massivement pour le PPS, le parti de l\u2019alternative s\u00e9rieuse et aux positions fortes, responsables et aux propositions pertinentes.<\/p>\n<p class=\"has-black-color has-text-color\"><strong>Le PPS ne compte que sur les forces du changement<\/strong><\/p>\n<p class=\"has-black-color has-text-color\">Ne comptant que sur le soutien massif des forces du progr\u00e8s et du changement, le PPS a d\u2019ailleurs remport\u00e9 des r\u00e9sultants probants aux \u00e9lections des chambres professionnelles, malgr\u00e9 l\u2019utilisation massive de l\u2019argent pour l\u2019achat des consciences, a-t-il dit, appelant les candidates et les candidats \u00e0 rester vigilants lors des prochaines \u00e9lections communales, r\u00e9gionales et l\u00e9gislatives, qui se d\u00e9rouleront pour la premi\u00e8re fois le m\u00eame jour (8 septembre 2021).<\/p>\n<p class=\"has-black-color has-text-color\">Ce qui pose de grands d\u00e9fis \u00e0 relever pour le PPS et ses militants, a-t-il dit, rappelant que le parti s\u2019y pr\u00e9pare depuis des mois \u00e0 travers la mobilisation de ses capacit\u00e9s, la mise en place de groupes de travail et de commissions, l\u2019\u00e9laboration de son programme \u00e9lectoral etc\u2026<\/p>\n<p class=\"has-black-color has-text-color\"><strong>LE CONTEXTE GENERAL :<\/strong><\/p>\n<p>Evoquant le contexte g\u00e9n\u00e9ral dans lequel auront lieu les prochaines \u00e9lections, Benabdallah a soulign\u00e9 que ces derni\u00e8res requi\u00e8rent pour leur succ\u00e8s un climat d\u00e9mocratique et un cadre politique propice, notant toutefois que l\u2019arsenal juridique d\u2019encadrement a connu des progr\u00e8s tangibles. Il s\u2019est f\u00e9licit\u00e9 aussi de l\u2019esprit de partenariat et de coop\u00e9ration qui a r\u00e9gn\u00e9 lors de l\u2019\u00e9tape d\u2019\u00e9laboration de l\u2019organisation des prochaines \u00e9ch\u00e9ances.<\/p>\n<p class=\"has-black-color has-text-color\">Il a \u00e9galement fait remarquer que nonobstant l\u2019importance des lois et du niveau de l\u2019organisation, ces dispositions ne suffisent pas \u00e0 elles seules \u00e0 assurer la r\u00e9gularit\u00e9 des \u00e9lections, qui est tributaire en dernier ressort des comportements et de la nature des pratiques des acteurs, partis politiques et candidats.<\/p>\n<p class=\"has-black-color has-text-color\">L\u2019utilisation massive de l\u2019argent interpelle tous les acteurs quant au devenir du processus d\u00e9mocratique<\/p>\n<p class=\"has-black-color has-text-color\">Les \u00e9lections des chambres professionnelles ont \u00e9t\u00e9 malheureusement entach\u00e9es par l\u2019utilisation massive de l\u2019argent, a-t-il dit, ajoutant que les pr\u00e9paratifs des prochaines \u00e9lections sont domin\u00e9s par des ph\u00e9nom\u00e8nes de pr\u00e9varication, de transhumance partisane et d\u2019utilisation de l\u2019argent pour acheter \u00e9lecteurs et candidats.<\/p>\n<p class=\"has-black-color has-text-color\">Ce qui soul\u00e8ve de nombreuses questions sur le processus \u00e9lectoral dans son ensemble et le profil des candidats qui si\u00e8geront aux prochaines institutions \u00e9lues, a-t-il dit. Ces interrogations portent in fine sur le devenir du processus d\u00e9mocratique et institutionnel du pays dans son ensemble, a-t-il martel\u00e9.<\/p>\n<p class=\"has-black-color has-text-color\"><strong>Bient\u00f4t la fin du mandat d\u2019un gouvernement, le plus faible de l\u2019histoire du pays<\/strong><\/p>\n<p class=\"has-black-color has-text-color\">Evoquant l\u2019\u00e9volution de la situation dans le pays \u00e0 la veille de la fin du mandat du gouvernement et du parlement, il a indiqu\u00e9 que le bilan de l\u2019ancienne \u00e9quipe gouvernementale est en de\u00e7\u00e0 des attentes du pays et des masses populaires, \u00e9tant donn\u00e9 le manque d\u2019homog\u00e9n\u00e9it\u00e9 dont il a fait preuve depuis sa naissance. C\u2019est d\u2019ailleurs pourquoi le PPS n\u2019avait pas h\u00e9sit\u00e9 un instant pour quitter ce gouvernement, le plus faible que le pays ait connu au cours des derni\u00e8res ann\u00e9es.<\/p>\n<p class=\"has-black-color has-text-color\">Il a par ailleurs salu\u00e9 la pr\u00e9sentation du rapport du nouveau mod\u00e8le de d\u00e9veloppement dont la mise en \u0153uvre requiert la mise en place d\u2019un gouvernement politique fort et homog\u00e8ne.<\/p>\n<p class=\"has-black-color has-text-color\">Et le Secr\u00e9taire G\u00e9n\u00e9ral du PPS de souligner que l\u2019ex\u00e9cution r\u00e9ussie des approches contenues dans le rapport de ce nouveau mod\u00e8le de d\u00e9veloppement requiert entre autres la promotion d\u2019un climat positif d\u2019apaisement pour aider au renforcement de la confiance, de la cr\u00e9dibilit\u00e9 et de la participation et \u00e0 la cr\u00e9ation de toutes les conditions d\u00e9mocratiques n\u00e9cessaires \u00e0 la r\u00e9ussite du processus et \u00e0 l\u2019\u00e9mergence d\u2019un gouvernement politique soud\u00e9 et fort, capable de r\u00e9aliser les aspirations nationales et de relever les d\u00e9fis \u00e9conomiques et sociaux auxquels le pays est confront\u00e9 \u00e0 l\u2019heure de l\u2019aggravation des cons\u00e9quences de la pand\u00e9mie de la Covid-19.<\/p>\n<p class=\"has-black-color has-text-color\"><strong>Appel davantage de vigilance pour lutter contre la pand\u00e9mie de la COVID-19<\/strong><\/p>\n<p class=\"has-black-color has-text-color\">Le Secr\u00e9taire G\u00e9n\u00e9ral n\u2019a pas manqu\u00e9 d\u2019attirer l\u2019attention sur la d\u00e9t\u00e9rioration inqui\u00e9tante de la situation \u00e9pid\u00e9miologique dans le pays avec l\u2019augmentation vertigineuse du nombre des contaminations et des d\u00e9c\u00e8s, appelant \u00e0 davantage de vigilance et de respect des mesures pr\u00e9ventives et de sensibilisation.<\/p>\n<p class=\"has-black-color has-text-color\">Apr\u00e8s avoir rendu hommage aux efforts des autorit\u00e9s et des personnels m\u00e9dicaux et param\u00e9dicaux pour endiguer la pand\u00e9mie, il s\u2019est f\u00e9licit\u00e9 de la poursuite de la campagne de vaccination et de l\u2019acquisition par le Maroc des doses requises \u00e0 cet effet en grandes quantit\u00e9s et en particulier de l\u2019initiative de SM le Roi visant \u00e0 doter le Maroc des capacit\u00e9s industrielles n\u00e9cessaires \u00e0 la production des m\u00e9dicaments et des vaccins dont le pays a besoin pour assurer sa souverainet\u00e9 m\u00e9dicale.<\/p>\n<p class=\"has-black-color has-text-color\">Outre ses cons\u00e9quences sanitaires, la pand\u00e9mie a eu \u00e9galement des r\u00e9percussions f\u00e2cheuses sur l\u2019\u00e9conomie et la soci\u00e9t\u00e9, a-t-il dit, rappelant que des milliers d\u2019entreprises ont d\u00fb fermer leurs portes et des centaines de milliers de Marocains ont perdu leur emploi.<\/p>\n<p class=\"has-black-color has-text-color\">Pour y faire face, a\u2013t-il dit, il est indispensable pour le pays de lancer un nouvel \u00e9lan de solidarit\u00e9 pour lutter ensemble contre la pand\u00e9mie, laquelle a \u00e9galement rendu la vie difficile non seulement aux\u00a0 citoyens mais \u00e9galement aux responsables pour la mise en \u0153uvre des d\u00e9cisions prises dans le cadre du confinement et de l\u2019\u00e9tat d\u2019urgence sanitaires, tout en respectant les libert\u00e9s individuelles et collectives et le fonctionnement normal des institutions d\u00e9mocratiques et des associations de la soci\u00e9t\u00e9 civile.<\/p>\n<p class=\"has-black-color has-text-color\"><strong>Le rejet par Alger de la main tendue Royale<\/strong><\/p>\n<p class=\"has-black-color has-text-color\">Evoquant la situation r\u00e9gionale, il n\u2019a pas manqu\u00e9 de rappeler avec regret que le r\u00e9gime alg\u00e9rien a rejet\u00e9 la proposition courageuse faite par Sa Majest\u00e9 le Roi pour d\u00e9passer cette conjoncture difficile entre les deux pays.<\/p>\n<p class=\"has-black-color has-text-color\">Pour ce qui est des all\u00e9gations avanc\u00e9es ici et l\u00e0 dans le cadre de la soit disant affaire Pegasus, il a indiqu\u00e9 que cette pol\u00e9mique visant \u00e0 y impliquer le Maroc montre que le pays d\u00e9range d\u00e9sormais par ses succ\u00e8s \u00e0 tous les niveaux et la diversification de ses partenaires comme c\u2019est le cas pour l\u2019acquisition des vaccins, sans oublier bien s\u00fbr les victoires successives remport\u00e9es par le Maroc dans le cadre du parach\u00e8vement et de la d\u00e9fense de son int\u00e9grit\u00e9 territoriale, \u00e0 la suite notamment de la reconnaissance officielle de la marocanit\u00e9 du Sahara marocain par l\u2019Administration am\u00e9ricaine.<\/p>\n<p class=\"has-vivid-cyan-blue-color has-text-color\"><strong>Le PPS appelle l\u2019ensemble des citoyennes et des citoyens, et en particulier les jeunes, les femmes, les cadres, les intellectuels, les travailleurs, les paysans et toutes les honn\u00eates gens, \u00e0 se rendre le 8 septembre prochain aux urnes et \u00e0 voter massivement pour le PPS, le parti de l\u2019alternative s\u00e9rieuse et aux positions fortes, responsables et aux propositions pertinentes.<\/strong><\/p>\n<p class=\"has-vivid-cyan-blue-color has-text-color\"><strong>Le succ\u00e8s des prochaines \u00e9lections requi\u00e8re un climat d\u00e9mocratique et un cadre politique propice, sachant que l\u2019arsenal juridique d\u2019encadrement a connu des progr\u00e8s tangibles, mais la r\u00e9gularit\u00e9 des \u00e9lections est tributaire en dernier ressort des comportements des acteurs\u00a0: partis politiques et candidats.<\/strong><\/p>\n<p class=\"has-vivid-cyan-blue-color has-text-color\"><strong>Le PPS a mis sur pied une commission nationale qui avait re\u00e7u, du lundi 9 aout et mardi 10 aout courant, les candidates propos\u00e9es pour les t\u00eates de liste r\u00e9gionales aux l\u00e9gislatives<\/strong><\/p>\n<p class=\"has-vivid-cyan-blue-color has-text-color\"><strong>Le PPS appelle les candidates et les candidats \u00e0 rester vigilants lors des prochaines \u00e9lections communales, r\u00e9gionales et l\u00e9gislatives, qui se d\u00e9rouleront pour la premi\u00e8re fois le m\u00eame jour (8 septembre 2021).<\/strong><\/p>\n<p class=\"has-vivid-cyan-blue-color has-text-color\"><strong>Ne comptant que sur le soutien massif des forces du progr\u00e8s et du changement, le PPS a remport\u00e9 des r\u00e9sultants probants aux \u00e9lections des chambres professionnelles, malgr\u00e9 l\u2019utilisation \u00e0 grande \u00e9chelle de l\u2019argent.<\/strong><\/p>\n<p class=\"has-vivid-cyan-blue-color has-text-color\"><strong>Le PPS attire l\u2019attention sur la d\u00e9t\u00e9rioration inqui\u00e9tante de la situation \u00e9pid\u00e9miologique dans le pays avec l\u2019augmentation vertigineuse du nombre des contaminations et des d\u00e9c\u00e8s et appelle \u00e0 davantage de vigilance et de respect des mesures pr\u00e9ventives.<\/strong><\/p>\n<p class=\"has-vivid-cyan-blue-color has-text-color\"><strong>Le PPS rend hommage personnels m\u00e9dicaux et param\u00e9dicaux et se f\u00e9licit\u00e9 de la poursuite de la campagne de vaccination et de l\u2019acquisition par le Maroc des doses requises en grandes quantit\u00e9s<\/strong><\/p>\n<p class=\"has-vivid-cyan-blue-color has-text-color\"><strong>Le PPS salue l\u2019initiative de SM le Roi visant \u00e0 doter le Maroc des capacit\u00e9s industrielles n\u00e9cessaires \u00e0 la production des m\u00e9dicaments et des vaccins dont le pays a besoin pour assurer sa souverainet\u00e9 m\u00e9dicale.<\/strong><\/p>\n<p class=\"has-vivid-cyan-blue-color has-text-color\"><strong>Appel au lancement d\u2019un \u00e9lan de solidarit\u00e9 pour lutter ensemble contre r\u00e9percussions f\u00e2cheuses sur l\u2019\u00e9conomie et la soci\u00e9t\u00e9 de la pand\u00e9mie<\/strong><\/p>\n<p class=\"has-vivid-cyan-blue-color has-text-color\"><strong>Evoquant la situation r\u00e9gionale, le PPS regrette \u00a0le rejet par le r\u00e9gime alg\u00e9rien la proposition courageuse faite par Sa Majest\u00e9 le Roi pour d\u00e9passer cette conjoncture difficile entre les deux pays.<\/strong><\/p>\n<p class=\"has-vivid-cyan-blue-color has-text-color\"><strong>Affaire Pegasus\u00a0: Pour le PPS, cette pol\u00e9mique montre que le Maroc d\u00e9range par ses succ\u00e8s \u00e0 tous les niveaux et les victoires successives remport\u00e9es dans le cadre du parach\u00e8vement et de la d\u00e9fense de son int\u00e9grit\u00e9 territoriale<\/strong><\/p>\n<p><strong>M\u2019BAREK TAFSI\u00a0\u00a0\u00a0\u00a0<\/strong><\/p>\n<p>L\u2019article <a rel=\"nofollow\" href=\"http:\/\/albayane.press.ma\/mohamed-nabil-benabdallah-pour-le-pps-et-les-forces-de-gauche-les-elections-sont-la-veritable-bataille-pour-le-changement.html\">Mohamed Nabil Benabdallah : Pour le PPS et les forces de gauche, les \u00e9lections sont la v\u00e9ritable bataille pour le changement<\/a> est apparu en premier sur <a rel=\"nofollow\" href=\"http:\/\/albayane.press.ma\/\">ALBAYANE<\/a>.<\/p>\n<\/div>\n<p>Auteur: M&rsquo;hammed rahal<br \/>\n<a href=\"http:\/\/albayane.press.ma\/mohamed-nabil-benabdallah-pour-le-pps-et-les-forces-de-gauche-les-elections-sont-la-veritable-bataille-pour-le-changement.html\">Cliquez ici pour lire l&rsquo;article depuis sa source.<\/a><\/p>\n","protected":false},"excerpt":{"rendered":"<p>La 7\u00e8me\u00a0 session du Comit\u00e9 Central du Parti du Progr\u00e8s et du Scialisme adopte \u00e0 la majorit\u00e9 du rapport du bureau politique Le PPS ne compte que sur la participation massive des forces du progr\u00e8s et du changement pour l\u2019emporter \u2026 appelle \u00e0 l\u2019apaisement politique pour r\u00e9tablir la confiance et r\u00e9unir les conditions de succ\u00e8s [&hellip;]<\/p>\n","protected":false},"author":1760,"featured_media":0,"comment_status":"closed","ping_status":"closed","sticky":false,"template":"","format":"standard","meta":{"fifu_image_url":"","fifu_image_alt":"","footnotes":""},"categories":[73,54],"tags":[],"class_list":["post-124034","post","type-post","status-publish","format-standard","hentry","category-actualite","category-maroc"],"_links":{"self":[{"href":"https:\/\/linitiative.ca\/International\/wp-json\/wp\/v2\/posts\/124034","targetHints":{"allow":["GET"]}}],"collection":[{"href":"https:\/\/linitiative.ca\/International\/wp-json\/wp\/v2\/posts"}],"about":[{"href":"https:\/\/linitiative.ca\/International\/wp-json\/wp\/v2\/types\/post"}],"author":[{"embeddable":true,"href":"https:\/\/linitiative.ca\/International\/wp-json\/wp\/v2\/users\/1760"}],"replies":[{"embeddable":true,"href":"https:\/\/linitiative.ca\/International\/wp-json\/wp\/v2\/comments?post=124034"}],"version-history":[{"count":0,"href":"https:\/\/linitiative.ca\/International\/wp-json\/wp\/v2\/posts\/124034\/revisions"}],"wp:attachment":[{"href":"https:\/\/linitiative.ca\/International\/wp-json\/wp\/v2\/media?parent=124034"}],"wp:term":[{"taxonomy":"category","embeddable":true,"href":"https:\/\/linitiative.ca\/International\/wp-json\/wp\/v2\/categories?post=124034"},{"taxonomy":"post_tag","embeddable":true,"href":"https:\/\/linitiative.ca\/International\/wp-json\/wp\/v2\/tags?post=124034"}],"curies":[{"name":"wp","href":"https:\/\/api.w.org\/{rel}","templated":true}]}}