{"id":124035,"date":"2021-08-12T14:00:00","date_gmt":"2021-08-12T18:00:00","guid":{"rendered":"https:\/\/linitiative.ca\/International\/le-baobab-de-la-militance-au-maroc\/"},"modified":"2021-08-12T14:00:00","modified_gmt":"2021-08-12T18:00:00","slug":"le-baobab-de-la-militance-au-maroc","status":"publish","type":"post","link":"https:\/\/linitiative.ca\/International\/le-baobab-de-la-militance-au-maroc\/","title":{"rendered":"Le baobab de la militance au Maroc"},"content":{"rendered":"<div>\n<p class=\"has-text-align-center has-vivid-cyan-blue-color has-text-color\"><strong>Il y a 24 ans, disparaissait Ali Yata<\/strong><\/p>\n<p class=\"has-text-align-right has-black-color has-text-color\"><strong>Saoudi El Amalki<\/strong><\/p>\n<p class=\"has-black-color has-text-color\"><strong>L\u2019histoire politique au Maroc fut jalonn\u00e9e par des figures Charismatiques de premier ordre. Mais, \u00e9galement \u00a0par des \u00ab\u00a0best-sellers\u00a0\u00bb de la mission partisane qui s\u2019assignaient des t\u00e2ches prodigu\u00e9es du r\u00e9gime, depuis des decennnies pour maintenir le contrepoids en sa faveur. Incontestablement, Feu Ali Yata aura marqu\u00e9 ce parcours mitig\u00e9 par une panoplie de valeurs qui scellait la sc\u00e8ne politique saine et probe, \u00a0aussi bien dans la qualit\u00e9 de la pens\u00e9e \u00e9clair\u00e9e que la pratique du v\u00e9cu quotidien. Cette lign\u00e9e politique qui fa\u00e7onnait des ann\u00e9es durant, des g\u00e9n\u00e9rations enti\u00e8res, allait imprimer, dans des conditions de contrainte et d\u2019oppression, des vertus de chevalerie et de noblesse politique que les tentatives d\u2019\u00e9touffement n\u2019ont jamais pu escamoter. Ali Yata avait le m\u00e9rite de hisser bien haut ces valeurs dans le vil mar\u00e9cage de la d\u00e9pravation qui prenait le dessus sur une soci\u00e9t\u00e9 in\u00e9galitaire et dysfonctionnelle. Ce fut \u00e0 la fois les concepts universels de la justice sociale, la paix, la libert\u00e9 et le progr\u00e8s que ne cessait de plaider Ali Yata, \u00e0 la fleur d\u2019\u00e2ge o\u00f9 il s\u2019enr\u00f4lait audacieusement, les l\u00e9gs laborieux \u00a0du socialisme incorpor\u00e9 pour la premi\u00e8re fois, dans les veines du paysage partisan du Maroc contemporain. Un socialisme flexible adapt\u00e9 \u00e0 la r\u00e9alit\u00e9 et la sp\u00e9cificit\u00e9 de la soci\u00e9t\u00e9 vivant dans le conservatisme et le traditionalisme en amont.<\/strong><\/p>\n<p class=\"has-black-color has-text-color\">Il y a donc vingt-quatre ans d\u00e9j\u00e0 de pass\u00e9s, \u00a0depuis le d\u00e9c\u00e8s de Feu Ali Yata. Cette sommit\u00e9 de la vie politique et intellectuelle marocaine rendit l\u2019\u00e2me dans les lauriers des gloires et les girofles des honneurs. L\u2019un des artisans marquants du Maroc d\u2019aujourd\u2019hui s\u2019\u00e9teignit, avant m\u00eame qu\u2019il n\u2019ait d\u00e9gust\u00e9 les tout premiers fruits de son labeur titanesque. Le leader communiste, si altruiste et pugnace, s\u2019\u00e9clipsa, en fait, quelques temps avant l\u2019av\u00e8nement de l\u2019alternance consensuelle sur laquelle il fondait son beau r\u00eave unioniste au service des causes supr\u00eames de la Nation et du Peuple. Un triste accident, jusqu\u2019ici \u00e9nigmatique, le priva de ces instants m\u00e9morables de l\u2019itin\u00e9raire \u00e9prouvant de l\u2019Histoire, alors qu\u2019il venait de r\u00e9diger une missive \u00e0 ses compagnons du mouvement national pour leur solliciter vivement le parach\u00e8vement du projet unitaire. Lui qui s\u2019est ardemment attel\u00e9 pour que le pays amorce cette h\u00e9ro\u00efque man\u0153uvre, apr\u00e8s des ann\u00e9es de frictions, de griefs et de ressentiments.<\/p>\n<p class=\"has-black-color has-text-color\">\u00abSsi Ali \u00e9tait pour nous un mod\u00e8le incontestable\u00a0qui imprimait au parlement cette estampille hors pair. On se souvient, un jour, au lieu de claironner haut et fort son discours rationnel \u2013 comme il en a l\u2019habitude -, avec cet accent incisif et ce verbe vibrant, il psalmodiait une oraison spirituelle d\u2019un des anciens Cheikh religieux, au cours de laquelle il implora Dieu de pr\u00e9cipiter le d\u00e9part du gouvernement d\u00e9ficitaire. L\u2019h\u00e9micycle, subtilement pris au d\u00e9pourvu, s\u2019emplissait de boucan de stup\u00e9faction et de d\u00e9rision, \u00e0 l\u2019\u00e9coute de ces propos provocateurs\u00bb, racontaient certains anciens d\u00e9put\u00e9s qui n\u2019en revenaient pas d\u2019avoir v\u00e9cu cette sc\u00e8ne \u00e0 la fois satirique et pleine d\u2019enseignement humaniste.<\/p>\n<p class=\"has-black-color has-text-color\">En effet, Ali Yata avait constamment ce cachet d\u2019humour qu\u2019il imprima si audacieusement pour transmettre ses messages, dans des circonstances qui n\u2019admettaient pas toujours cette rigueur cart\u00e9sienne du traitement et de l\u2019analyse.<\/p>\n<p class=\"has-black-color has-text-color\">On se souvient un jour, au fameux cin\u00e9ma Salam d\u2019Agadir, les leaders de la koutla, compos\u00e9e \u00e0 l\u2019\u00e9poque des quatre formations politiques \u00e0 savoir M\u2019hamed Boucetta du PI, Abderrahmane El Youssoufi de l\u2019USFP, Ali Yata du PPS et Mohamed Ne sais Ait Idder de la d\u00e9funte OADP, c\u00e9l\u00e9braient dans la capitale du Souss la comm\u00e9moration du manifeste de l\u2019ind\u00e9pendance. Ce jour-l\u00e0, cette rencontre se d\u00e9roulait sous une pluie battante qui, subitement, se mit \u00e0 tomber, apr\u00e8s de longues p\u00e9riodes de s\u00e9cheresse. Ali Yata, qui prenait la parole, apr\u00e8s celles de ses comp\u00e8res Mohamed Boucetta et Abderrahmane El Youssoufi, empruntait encore une des formules humoristiques pour d\u00e9tendre l\u2019atmosph\u00e8re et crucifier les choix chaotiques des responsables de l\u2019Ex\u00e9cutif, en s\u2019adressant \u00e0 leurs auteurs, en ces termes : \u00ab\u00a0Les pluies bienfaitrices qui tombent aujourd\u2019hui, sans doute, le gouvernement aura-t-il le culot de les mentionner, sans scrupule, dans le palmar\u00e8s de ses r\u00e9alisations\u00a0; bien que ce soit un don du ciel\u00a0\u00bb. L\u00e0 encore, une rafale d\u2019applaudissements \u00e9clata dans la salle de cet \u00e9difice patrimonial. Cette assistance, fort accroch\u00e9e par cette communication saisissante, avait droit par la suite, \u00e0 un discours de haute teneur analytique de la situation \u00e9conomique, sociale et culturelle du pays.\u00a0 Cette intervention qui avait, de bout en bout, enchant\u00e9 l\u2019auditoire compos\u00e9 essentiellement des cadres et militants des partis de la Koutla, insistait d\u2019abord sur la n\u00e9cessit\u00e9 de conjuguer les \u00e9nergies du camp national, d\u00e9mocratique et progressiste pour faire face \u00e0 la politique r\u00e9actionnaire et impopulaire adopt\u00e9e par le r\u00e9gime et ses acolytes d\u00e9faillants. Ensuite, il fit \u00e9talage d\u2019une panoplie d\u2019alternatives \u00e0 cette vision r\u00e9trograde, bas\u00e9e sur des mesures \u00e0 court et long terme pour lib\u00e9rer le pays de l\u2019aust\u00e9rit\u00e9 \u00a0et l\u2019exclusion criarde des couches populaires d\u00e9sh\u00e9rit\u00e9es.<\/p>\n<p class=\"has-black-color has-text-color\">Ssi Ali avait \u00e9galement, en d\u00e9pit de ses innombrables t\u00e2ches, ce profond respect pour l\u2019Homme, quel que soit son registre. Je me rappelle comme si cela datait d\u2019hier, quand j\u2019ai commenc\u00e9 \u00e0 envoyer mes premiers \u00e9crits sportifs par le biais du\u00a0\u00abhors sac\u00bb, \u00e0 Al Bayane, au d\u00e9but des ann\u00e9es 80, certains de ces papiers qui couvraient les matchs sportifs d\u2019Agadir et environs, ne parvenaient pas \u00e0 la r\u00e9daction \u00e0 temps. Alors, \u00e0 chaque retard, Ssi Ali prenait la peine de m\u2019\u00e9crire pour me signifier que les articles sont arriv\u00e9s tard, qu\u2019il ne pouvait plus les publier et me pr\u00e9sentait des excuses pour ces contretemps. Je garde toujours ces missives, avec fiert\u00e9. \u00abVous savez, Ali Yata \u00e9tait pour nous un second p\u00e8re, nous qui avions pass\u00e9s des moments ensemble avec le regrett\u00e9 Nadir et Fahd. Notre p\u00e8re, feu Abdeslam Bourquia, nous disait que Ssi Ali \u00e9tait notre oncle et qu\u2019il menait une noble cause pour le Maroc. Encore petits, nous avions un grand respect pour cet homme dont la prog\u00e9niture \u00e9tait p\u00e9tillante de finesse et d\u2019intelligence. Un peu plus grand, nous nous rendions compte de la valeur de cet homme hors du commun et de ses enfants\u00bb, rem\u00e9morait Khalid Bourquia, fils de feu Abdeslam.<\/p>\n<p class=\"has-vivid-cyan-blue-color has-text-color\"><strong>Ils ont dit :<\/strong><\/p>\n<p class=\"has-vivid-green-cyan-color has-text-color\"><strong>Abdelouahed Souha\u00efl : \u00ab Feu Ssi Ali \u00e9tait un homme d\u2019action \u00bb<\/strong><\/p>\n<div class=\"wp-block-image\">\n<figure class=\"alignright size-large is-resized\"><img decoding=\"async\" loading=\"lazy\" src=\"https:\/\/linitiative.ca\/International\/wp-content\/uploads\/sites\/23\/2021\/08\/Abdelouahed-Souhail-2.jpg\" alt=\"\" class=\"wp-image-118495\" width=\"300\" height=\"200\"><\/figure>\n<\/div>\n<p class=\"has-black-color has-text-color\">Feu Ali Yata demeure l\u2019une des figures embl\u00e9matiques du mouvement national et l\u2019un des dirigeants du Parti communiste marocain. Il a \u00e9t\u00e9 contraint \u00e0 l\u2019exil pour longtemps avant de regagner la patrie apr\u00e8s trois ans de l\u2019ind\u00e9pendance. Feu Ssi Ali s\u2019est fait distinguer par son esprit de combativit\u00e9 et la force de sa personnalit\u00e9. Il a toujours aspir\u00e9 pour un Maroc d\u00e9mocratique o\u00f9 r\u00e8gne la justice sociale. Il faut aussi souligner que feu Ssi Ali \u00e9tait un homme d\u2019action.Il a \u00e9pous\u00e9 la cause des classes sociales d\u00e9favoris\u00e9es en militant au sein des rangs de la classe ouvri\u00e8re, des paysans et des pauvres.<\/p>\n<p class=\"has-black-color has-text-color\">Qui plus est, il fut reconnu pour sa patience, sa pers\u00e9v\u00e9rance et la constance de ses positions. Feu Yata a jou\u00e9 un r\u00f4le majeur dans le d\u00e9veloppement de notre pays apr\u00e8s l\u2019ind\u00e9pendance. Il faut dire que le regrett\u00e9 \u00e9tait porteur d\u2019une pens\u00e9e socialiste li\u00e9e au peuple marocain et ayant des caract\u00e9ristiques nationales. En sus de cela, le d\u00e9funt \u00e9tait un fervent d\u00e9fenseur du bloc d\u00e9mocratique. L\u2019histoire retiendra qu\u2019il fut l\u2019un des artisans du compromis historique entre la monarchie et le mouvement national, et il a r\u00e9ussi sur cette voie. Le Maroc vit aujourd\u2019hui les d\u00e9veloppements de cette pens\u00e9e qui s\u2019est ensuite cristallis\u00e9e par la l\u2019adoption de la Constitution de 2011 et qui a permis \u00e0 notre pays de consolider sa stabilit\u00e9 politique.<\/p>\n<p class=\"has-vivid-green-cyan-color has-text-color\"><strong>Mustapha Labraimi : \u00ab Un homme Hors-pair, toujours vent debout contre l\u2019oppression \u00bb<\/strong><\/p>\n<div class=\"wp-block-image\">\n<figure class=\"alignright size-large is-resized\"><img decoding=\"async\" loading=\"lazy\" src=\"https:\/\/linitiative.ca\/International\/wp-content\/uploads\/sites\/23\/2021\/08\/Mustapha-Labraimi.jpg\" alt=\"\" class=\"wp-image-118496\" width=\"300\" height=\"200\"><\/figure>\n<\/div>\n<p class=\"has-black-color has-text-color\">La comm\u00e9moration du d\u00e9c\u00e8s de feu Si Ali Yata est une occasion pour se recueillir sur son \u00e2me, mais aussi un moment pour r\u00e9\u00e9voquer les qualit\u00e9s de ce pur marocain, patriote, libre, militant et r\u00e9volutionnaire progressiste qui a consacr\u00e9 toute sa vie \u00e0 d\u00e9fendre les classes opprim\u00e9es de notre peuple. Il faut dire que le d\u00e9funt s\u2019est fait distinguer par sa vision perspicace en mati\u00e8re d\u2019approche id\u00e9ologique. Nous avions appris beaucoup de lui, et avions \u00e9t\u00e9 \u00e9duqu\u00e9s conform\u00e9ment \u00e0 ses principes moraux et politiques, qui sont bas\u00e9s sur la pr\u00e9sence permanente sur la sc\u00e8ne militante.<\/p>\n<p class=\"has-black-color has-text-color\">Le d\u00e9funt \u00e9tait, en outre, fin connaisseur de tout ce qui se passe dans le champ politique. C\u2019\u00e9tait un homme hors-pair, toujours vent debout contre l\u2019oppression pour faire pr\u00e9valoir les droits des pauvres, des paysans et de l\u2019intelligentsia r\u00e9volutionnaire. Il avait la force de conviction. En fait, il avait la capacit\u00e9 de prendre tout son temps pour expliquer les tenants et les aboutissants d\u2019une affaire au sein des rangs du parti. Feu Ssi Ali avait \u00e9galement l\u2019art de l\u2019\u00e9loquence. Il maitrisait parfaitement la langue arabe, impr\u00e9gn\u00e9 de sa culture. Elle avait une grande dimension dans son cursus de formation. \u00c9minent tribun, sa voix \u00e9tait merveilleuse. Le Maroc tout entier conna\u00eet sa tonalit\u00e9 vocale, car c\u2019\u00e9tait une tonalit\u00e9 sinc\u00e8re incarnant les revendications et les aspirations du peuple marocain. En fait, il \u00e9tait fortement impr\u00e9gn\u00e9 de la culture nationale marocaine.<\/p>\n<p class=\"has-vivid-green-cyan-color has-text-color\"><strong>Mohamed Berrada : \u00ab Il avait l\u2019intelligence de surmonter les obstacles \u00bb<\/strong><\/p>\n<div class=\"wp-block-image\">\n<figure class=\"alignright size-large is-resized\"><img decoding=\"async\" loading=\"lazy\" src=\"https:\/\/linitiative.ca\/International\/wp-content\/uploads\/sites\/23\/2021\/08\/Mohamed-Berrada.jpg\" alt=\"\" class=\"wp-image-118497\" width=\"300\" height=\"200\"><\/figure>\n<\/div>\n<p class=\"has-black-color has-text-color\">J\u2019ai rencontr\u00e9 feu Ali Yata au milieu des ann\u00e9es 70 alors que je me pr\u00e9parais pour la cr\u00e9ation de la soci\u00e9t\u00e9 de distribution de journaux Sapress, que j\u2019ai dirig\u00e9e et g\u00e9r\u00e9e par la suite. En fait, J\u2019ai contact\u00e9 feu Si Ali \u00e0 ce sujet et il a en exprim\u00e9 son admiration totale pour le projet. Le regrett\u00e9 fut connu pour son patriotisme sinc\u00e8re. Il \u00e9tait impr\u00e9gn\u00e9 de la pens\u00e9e d\u00e9mocratique et moderniste, d\u2019autant plus qu\u2019il a milit\u00e9 dans des p\u00e9riodes difficiles de l\u2019histoire politique de notre pays.<\/p>\n<p class=\"has-black-color has-text-color\">Le d\u00e9funt \u00e9tait \u00e9galement connu pour son excellence dans la gestion de l\u2019entreprise journalistique, car il supervisait tout le processus de gestion. Il avait l\u2019habitude de me rendre visite chez moi, puisque nous vivions dans le m\u00eame quartier, et nous \u00e9tions habitu\u00e9s \u00e0 discuter des conditions de la production la presse nationale et la situation difficile qu\u2019elle connaissait \u00e0 l\u2019\u00e9poque. Bref, Feu Ssi Ali avait l\u2019intelligence de surmonter les obstacles. Il a r\u00e9ussi dans tout ce qu\u2019il a entrepris.<\/p>\n<p>L\u2019article <a rel=\"nofollow\" href=\"http:\/\/albayane.press.ma\/le-baobab-de-la-militance-au-maroc.html\">Le baobab de la militance au Maroc<\/a> est apparu en premier sur <a rel=\"nofollow\" href=\"http:\/\/albayane.press.ma\/\">ALBAYANE<\/a>.<\/p>\n<\/div>\n<p>Auteur: M&rsquo;hammed rahal<br \/>\n<a href=\"http:\/\/albayane.press.ma\/le-baobab-de-la-militance-au-maroc.html\">Cliquez ici pour lire l&rsquo;article depuis sa source.<\/a><\/p>\n","protected":false},"excerpt":{"rendered":"<p>Il y a 24 ans, disparaissait Ali Yata Saoudi El Amalki L\u2019histoire politique au Maroc fut jalonn\u00e9e par des figures Charismatiques de premier ordre. Mais, \u00e9galement \u00a0par des \u00ab\u00a0best-sellers\u00a0\u00bb de la mission partisane qui s\u2019assignaient des t\u00e2ches prodigu\u00e9es du r\u00e9gime, depuis des decennnies pour maintenir le contrepoids en sa faveur. Incontestablement, Feu Ali Yata aura [&hellip;]<\/p>\n","protected":false},"author":1760,"featured_media":0,"comment_status":"closed","ping_status":"closed","sticky":false,"template":"","format":"standard","meta":{"fifu_image_url":"http:\/\/albayane.press.ma\/wp-content\/uploads\/Abdelouahed-Souhail-2.jpg","fifu_image_alt":"Le baobab de la militance au Maroc","footnotes":""},"categories":[73,54],"tags":[],"class_list":["post-124035","post","type-post","status-publish","format-standard","hentry","category-actualite","category-maroc"],"_links":{"self":[{"href":"https:\/\/linitiative.ca\/International\/wp-json\/wp\/v2\/posts\/124035","targetHints":{"allow":["GET"]}}],"collection":[{"href":"https:\/\/linitiative.ca\/International\/wp-json\/wp\/v2\/posts"}],"about":[{"href":"https:\/\/linitiative.ca\/International\/wp-json\/wp\/v2\/types\/post"}],"author":[{"embeddable":true,"href":"https:\/\/linitiative.ca\/International\/wp-json\/wp\/v2\/users\/1760"}],"replies":[{"embeddable":true,"href":"https:\/\/linitiative.ca\/International\/wp-json\/wp\/v2\/comments?post=124035"}],"version-history":[{"count":0,"href":"https:\/\/linitiative.ca\/International\/wp-json\/wp\/v2\/posts\/124035\/revisions"}],"wp:attachment":[{"href":"https:\/\/linitiative.ca\/International\/wp-json\/wp\/v2\/media?parent=124035"}],"wp:term":[{"taxonomy":"category","embeddable":true,"href":"https:\/\/linitiative.ca\/International\/wp-json\/wp\/v2\/categories?post=124035"},{"taxonomy":"post_tag","embeddable":true,"href":"https:\/\/linitiative.ca\/International\/wp-json\/wp\/v2\/tags?post=124035"}],"curies":[{"name":"wp","href":"https:\/\/api.w.org\/{rel}","templated":true}]}}