{"id":124039,"date":"2021-08-12T14:00:00","date_gmt":"2021-08-12T18:00:00","guid":{"rendered":"https:\/\/linitiative.ca\/International\/la-fidelite-aux-ideaux\/"},"modified":"2021-08-12T14:00:00","modified_gmt":"2021-08-12T18:00:00","slug":"la-fidelite-aux-ideaux","status":"publish","type":"post","link":"https:\/\/linitiative.ca\/International\/la-fidelite-aux-ideaux\/","title":{"rendered":"La fid\u00e9lit\u00e9 aux id\u00e9aux"},"content":{"rendered":"<div>\n<p class=\"has-text-align-right has-black-color has-text-color\"><strong>Mohamed Khalil<\/strong><\/p>\n<p class=\"has-vivid-cyan-blue-color has-text-color\"><strong>Le 13 ao\u00fbt 1997 s\u2019est inscrite dans l\u2019Histoire du PPS. C\u2019est ce jour l\u00e0 que nous a quitt\u00e9s Si Ali Yata, Secr\u00e9taire g\u00e9n\u00e9ral du Parti \u2013 depuis le Parti communiste marocain, le Parti de la Lib\u00e9ration et du socialisme et le Parti du progr\u00e8s et du socialisme. Et pour cause notre regrett\u00e9 d\u00e9funt a marqu\u00e9 d\u2019une empreinte ind\u00e9l\u00e9bile la sc\u00e8ne nationale et internationale du Maroc d\u2019avant comme d\u2019apr\u00e8s ind\u00e9pendance.<\/strong><\/p>\n<p class=\"has-black-color has-text-color\"><strong>En plus de son engagement reconnu dans la bataille de lib\u00e9ration nationale contre le joug colonial, Ali Yata a eu le privil\u00e8ge d\u2019avoir \u00e9t\u00e9 parmi les tout premiers militants \u00e0 avoir fait siens les principaux du socialisme scientifique, dont il avait assur\u00e9 une bonne diffusion.<\/strong><\/p>\n<p class=\"has-black-color has-text-color\"><strong>C\u2019est donc un acte de\u00a0fid\u00e9lit\u00e9 aux id\u00e9aux communs et de la reconnaissance \u00e0 la vie militante d\u2019un grand dirigeant politique. Fondateur du Parti auquel il est rest\u00e9 fid\u00e8le jusqu\u2019\u00e0 la mort, l\u2019homme avait marqu\u00e9 le Maroc d\u2019avant comme d\u2019apr\u00e8s l\u2019ind\u00e9pendance, par son patriotisme hors pair, sa lutte in\u00e9branlable pour l\u2019ind\u00e9pendance et son combat inlassable pour la d\u00e9mocratie et la justice sociale.<\/strong><\/p>\n<p class=\"has-black-color has-text-color\"><strong>Un farouche patriote<\/strong><strong><\/strong><\/p>\n<p class=\"has-black-color has-text-color\"><strong>Avec Abdeslam Bourquia et, plus tard, Abdallah Layachi, Ali Yata formait la triplette du Parti. Les dirigeants historiques, qui auront marqu\u00e9, durant plusieurs d\u00e9cennies, la vie du Parti, \u00e0 c\u00f4t\u00e9 d\u2019autres intellectuels \u00e0 l\u2019instar d\u2019Abdelkrim Benabdallah, Hadi Messouak, Aziz Belal, Chouaib Riffi et d\u2019autres.<\/strong><strong><\/strong><\/p>\n<p class=\"has-black-color has-text-color\"><strong>Le nom d\u2019Ali Yata est aussi li\u00e9 \u00e0 la reconnaissance officielle de Feu Sa Majest\u00e9 Mohammed V, pour le r\u00f4le jou\u00e9 par les communistes marocains dans la lutte pour l\u2019ind\u00e9pendance du Maroc, en recevant, apr\u00e8s son retour d\u2019exil, une d\u00e9l\u00e9gation de la direction du PCM.<\/strong><strong><\/strong><\/p>\n<p class=\"has-black-color has-text-color\"><strong>Apr\u00e8s l\u2019ind\u00e9pendance, Ali Yata restera de tous les combats, face \u00e0 la rude r\u00e9pression, pour l\u2019ind\u00e9pendance nationale et la d\u00e9mocratie. Il luttera farouchement pour la reconnaissance du PCM (interdit en 1959) et du PLS (cr\u00e9\u00e9 en 1968 et interdit en 1969), puis pour le droit \u00e0 l\u2019existence du PPS, en 1974.<\/strong><strong><\/strong><\/p>\n<p class=\"has-black-color has-text-color\"><strong>M\u00eames ses rivaux politiques reconnaissent \u00e0 Si Ali son attachement ind\u00e9fectible \u00e0 la Patrie et \u00e0 son ind\u00e9pendance mais aussi \u00e0 la cause populaire. Il paiera le prixde son engagement patriotique et d\u00e9mocratique \u00e9galement durant les premi\u00e8res d\u00e9cennies du Maroc ind\u00e9pendant.<\/strong><\/p>\n<p class=\"has-black-color has-text-color\"><strong>H\u00e9las, Ali Yata ne connaitra pas la joie de l\u2019ind\u00e9pendance au Maroc. Il restera exil\u00e9 et ne regagnera le Maroc que plusieurs mois apr\u00e8s et sera re\u00e7u, \u00e0 la t\u00eate d\u2019une d\u00e9l\u00e9gation du PCM, par feu Sa Majest\u00e9 le Roi Mohammed V.<\/strong><\/p>\n<p class=\"has-black-color has-text-color\"><strong>Un d\u00e9mocrate convaincu<\/strong><\/p>\n<p class=\"has-black-color has-text-color\"><strong>Ali Yata sera omnipr\u00e9sent dans le combat pour <\/strong><strong>l\u2019av\u00e8nement du processus d\u00e9mocratique en 1974 afin que le PPS continue le combat de la concr\u00e9tisation des contenus de l\u2019ind\u00e9pendance nationale et de la marche vers la d\u00e9mocratie revendiqu\u00e9e d\u00e8s la lib\u00e9ration du pays du joug colonial. Mais dans tous ces combats, Ali Yata avait une facult\u00e9 inou\u00efe d\u2019adaptation, malgr\u00e9 la rude r\u00e9pression, et n\u2019a reni\u00e9, \u00e0 aucun moment, ses convictions id\u00e9ologiques, en faisant preuve de r\u00e9alisme et d\u2019innovation.<\/strong><\/p>\n<p class=\"has-black-color has-text-color\"><strong>Son combat sur le front parlementaire est trop connu de la g\u00e9n\u00e9ration marocaine de cette \u00e9poque avec ses passages r\u00e9sonnants \u00e0 la t\u00e9l\u00e9vision, en tant que d\u00e9put\u00e9 de la circonscription de l\u2019ancienne M\u00e9dina de Casablanca, a permis d\u2019\u00e9lever, haut et fort, la voix du PPS, ses analyses et ses positions, tant sur le plan politique que social et \u00e9conomique.<\/strong><\/p>\n<p class=\"has-black-color has-text-color\"><strong>Ses ouvrages sur le Sahara marocain demeurent une r\u00e9f\u00e9rence historique \u00e0 l\u2019international. Dommage que la g\u00e9n\u00e9ration marocaine actuelle ne connait pas ces \u00e9crits. Et pourquoi ne pas penser \u00e0 les r\u00e9\u00e9diter\u00a0?<\/strong><\/p>\n<p class=\"has-black-color has-text-color\"><strong>Un artisan de l\u2019alternance d\u00e9mocratique\u2026<\/strong><strong><\/strong><\/p>\n<p class=\"has-black-color has-text-color\"><strong>Mais, chose peu connue \u00e0 part dans certaines sph\u00e8res politiques bien restreintes, Ali Yata a amplement contribu\u00e9 \u00e0 la r\u00e9ussite de l\u2019av\u00e8nement de l\u2019alternance, qui alla porter Me Abderrahmane Youssoufi au sommet de l\u2019Ex\u00e9cutif marocain en 1997, quelques mois apr\u00e8s le d\u00e9c\u00e8s de Si Ali\u2026<\/strong><\/p>\n<p class=\"has-black-color has-text-color\"><strong>C\u2019est gr\u00e2ce \u00e0 lui que les canaux de la n\u00e9gociation ont permis un travail tr\u00e8s discret qui allait faire venir la Koutla d\u00e9mocratique aux rennes de la gestion publique des affaires du Maroc moderne.<\/strong><\/p>\n<p class=\"has-black-color has-text-color\"><strong>Dans ce sens, il faudra rendre un hommage particulier \u00e0 Ali Yata pour avoir \u00e9t\u00e9 l\u2019un des grands artisans du gouvernement de l\u2019alternance d\u00e9mocratique, que le d\u00e9funt v\u00e9t\u00e9ran du PPS n\u2019a pas savour\u00e9 la joie de sa r\u00e9alisation\u2026<\/strong><\/p>\n<p class=\"has-black-color has-text-color\"><strong>Ali Yata, comme ses compagnons de lutte, aujourd\u2019hui presque tous dans l\u2019autre monde, demeurera un bel exemple d\u2019altruisme qui fait cruellement d\u00e9faut par les temps qui courent.<\/strong><strong><\/strong><\/p>\n<p>L\u2019article <a rel=\"nofollow\" href=\"http:\/\/albayane.press.ma\/la-fidelite-aux-ideaux.html\">La fid\u00e9lit\u00e9 aux id\u00e9aux<\/a> est apparu en premier sur <a rel=\"nofollow\" href=\"http:\/\/albayane.press.ma\/\">ALBAYANE<\/a>.<\/p>\n<\/div>\n<p>Auteur: M&rsquo;hammed rahal<br \/>\n<a href=\"http:\/\/albayane.press.ma\/la-fidelite-aux-ideaux.html\">Cliquez ici pour lire l&rsquo;article depuis sa source.<\/a><\/p>\n","protected":false},"excerpt":{"rendered":"<p>Mohamed Khalil Le 13 ao\u00fbt 1997 s\u2019est inscrite dans l\u2019Histoire du PPS. C\u2019est ce jour l\u00e0 que nous a quitt\u00e9s Si Ali Yata, Secr\u00e9taire g\u00e9n\u00e9ral du Parti \u2013 depuis le Parti communiste marocain, le Parti de la Lib\u00e9ration et du socialisme et le Parti du progr\u00e8s et du socialisme. Et pour cause notre regrett\u00e9 d\u00e9funt [&hellip;]<\/p>\n","protected":false},"author":1760,"featured_media":0,"comment_status":"closed","ping_status":"closed","sticky":false,"template":"","format":"standard","meta":{"fifu_image_url":"","fifu_image_alt":"","footnotes":""},"categories":[73,54],"tags":[],"class_list":["post-124039","post","type-post","status-publish","format-standard","hentry","category-actualite","category-maroc"],"_links":{"self":[{"href":"https:\/\/linitiative.ca\/International\/wp-json\/wp\/v2\/posts\/124039","targetHints":{"allow":["GET"]}}],"collection":[{"href":"https:\/\/linitiative.ca\/International\/wp-json\/wp\/v2\/posts"}],"about":[{"href":"https:\/\/linitiative.ca\/International\/wp-json\/wp\/v2\/types\/post"}],"author":[{"embeddable":true,"href":"https:\/\/linitiative.ca\/International\/wp-json\/wp\/v2\/users\/1760"}],"replies":[{"embeddable":true,"href":"https:\/\/linitiative.ca\/International\/wp-json\/wp\/v2\/comments?post=124039"}],"version-history":[{"count":0,"href":"https:\/\/linitiative.ca\/International\/wp-json\/wp\/v2\/posts\/124039\/revisions"}],"wp:attachment":[{"href":"https:\/\/linitiative.ca\/International\/wp-json\/wp\/v2\/media?parent=124039"}],"wp:term":[{"taxonomy":"category","embeddable":true,"href":"https:\/\/linitiative.ca\/International\/wp-json\/wp\/v2\/categories?post=124039"},{"taxonomy":"post_tag","embeddable":true,"href":"https:\/\/linitiative.ca\/International\/wp-json\/wp\/v2\/tags?post=124039"}],"curies":[{"name":"wp","href":"https:\/\/api.w.org\/{rel}","templated":true}]}}