{"id":124041,"date":"2021-08-12T12:22:00","date_gmt":"2021-08-12T16:22:00","guid":{"rendered":"https:\/\/linitiative.ca\/International\/le-ffs-condamne-un-acte-barbare-et-appelle-a-lapaisement\/"},"modified":"2021-08-12T12:22:00","modified_gmt":"2021-08-12T16:22:00","slug":"le-ffs-condamne-un-acte-barbare-et-appelle-a-lapaisement","status":"publish","type":"post","link":"https:\/\/linitiative.ca\/International\/le-ffs-condamne-un-acte-barbare-et-appelle-a-lapaisement\/","title":{"rendered":"Le FFS condamne un \u00ab\u00a0acte barbare\u00a0\u00bb et appelle \u00e0 l&rsquo;apaisement"},"content":{"rendered":"<div>Le Front des forces socialistes (FFS) a d\u00e9nonc\u00e9, ce jeudi, \u00ab\u00a0avec force\u00a0\u00bb l&rsquo;acte \u00ab\u00a0barbare\u00a0\u00bb et \u00ab\u00a0criminel\u00a0\u00bb, perp\u00e9tr\u00e9, hier, dans la commune de Larbaa Nath Irathen, dans la wilaya de Tizi Ouzou, \u00e0 savoir le lynchage \u00e0 mort du jeune Djamel Bensma\u00efl&#8230;<\/div>\n<p>Auteur:<br \/>\n<a href=\"https:\/\/www.liberte-algerie.com\/actualite\/le-ffs-condamne-un-acte-barbare-et-appelle-a-lapaisement-363298\">Cliquez ici pour lire l&rsquo;article depuis sa source.<\/a><\/p>\n","protected":false},"excerpt":{"rendered":"<p>Le Front des forces socialistes (FFS) a d\u00e9nonc\u00e9, ce jeudi, \u00ab\u00a0avec force\u00a0\u00bb l&rsquo;acte \u00ab\u00a0barbare\u00a0\u00bb et \u00ab\u00a0criminel\u00a0\u00bb, perp\u00e9tr\u00e9, hier, dans la commune de Larbaa Nath Irathen, dans la wilaya de Tizi Ouzou, \u00e0 savoir le lynchage \u00e0 mort du jeune Djamel Bensma\u00efl&#8230; Auteur: Cliquez ici pour lire l&rsquo;article depuis sa source.<\/p>\n","protected":false},"author":1742,"featured_media":0,"comment_status":"closed","ping_status":"closed","sticky":false,"template":"","format":"standard","meta":{"fifu_image_url":"","fifu_image_alt":"","footnotes":""},"categories":[73,53],"tags":[],"class_list":["post-124041","post","type-post","status-publish","format-standard","hentry","category-actualite","category-algerie"],"_links":{"self":[{"href":"https:\/\/linitiative.ca\/International\/wp-json\/wp\/v2\/posts\/124041","targetHints":{"allow":["GET"]}}],"collection":[{"href":"https:\/\/linitiative.ca\/International\/wp-json\/wp\/v2\/posts"}],"about":[{"href":"https:\/\/linitiative.ca\/International\/wp-json\/wp\/v2\/types\/post"}],"author":[{"embeddable":true,"href":"https:\/\/linitiative.ca\/International\/wp-json\/wp\/v2\/users\/1742"}],"replies":[{"embeddable":true,"href":"https:\/\/linitiative.ca\/International\/wp-json\/wp\/v2\/comments?post=124041"}],"version-history":[{"count":0,"href":"https:\/\/linitiative.ca\/International\/wp-json\/wp\/v2\/posts\/124041\/revisions"}],"wp:attachment":[{"href":"https:\/\/linitiative.ca\/International\/wp-json\/wp\/v2\/media?parent=124041"}],"wp:term":[{"taxonomy":"category","embeddable":true,"href":"https:\/\/linitiative.ca\/International\/wp-json\/wp\/v2\/categories?post=124041"},{"taxonomy":"post_tag","embeddable":true,"href":"https:\/\/linitiative.ca\/International\/wp-json\/wp\/v2\/tags?post=124041"}],"curies":[{"name":"wp","href":"https:\/\/api.w.org\/{rel}","templated":true}]}}