{"id":124045,"date":"2021-08-13T11:54:18","date_gmt":"2021-08-13T15:54:18","guid":{"rendered":"https:\/\/linitiative.ca\/International\/la-manifestation-du-mechouar-un-evenement-grave-dans-lhistoire\/"},"modified":"2021-08-13T11:54:18","modified_gmt":"2021-08-13T15:54:18","slug":"la-manifestation-du-mechouar-un-evenement-grave-dans-lhistoire","status":"publish","type":"post","link":"https:\/\/linitiative.ca\/International\/la-manifestation-du-mechouar-un-evenement-grave-dans-lhistoire\/","title":{"rendered":"La Manifestation du M\u00e9chouar, un \u00e9v\u00e9nement grav\u00e9 dans l\u2019histoire"},"content":{"rendered":"<div>\n<div style=\"margin-bottom:20px;\"><img loading=\"lazy\" decoding=\"async\" width=\"750\" height=\"430\" src=\"https:\/\/linitiative.ca\/International\/wp-content\/uploads\/sites\/23\/2021\/08\/drapeau-.jpg\" class=\"attachment-post-thumbnail size-post-thumbnail wp-post-image\" alt=\"\" srcset=\"https:\/\/linitiative.ca\/International\/wp-content\/uploads\/sites\/23\/2021\/08\/drapeau-.jpg 750w, http:\/\/www.mapmarrakech.ma\/map\/uploads\/2021\/08\/drapeau--300x172.jpg 300w\" sizes=\"auto, (max-width: 750px) 100vw, 750px\"><\/div>\n<p>En effet, la c\u00e9l\u00e9bration de cet \u00e9v\u00e9nement phare, \u00e9crit en lettres d\u2019or dans l\u2019histoire de la cit\u00e9 ocre, se veut une occasion renouvel\u00e9e pour faire revivre cette grande \u00e9pop\u00e9e et un moment fort pour honorer la m\u00e9moire des braves et valeureux martyrs, qui ont sacrifi\u00e9 leurs vies pour la d\u00e9fense de la Patrie et le recouvrement de la libert\u00e9 et de l\u2019ind\u00e9pendance du Maroc.<\/p>\n<p>Cette manifestation constitue ainsi une \u00e9tape d\u00e9cisive de l\u2019histoire de la lutte nationale pour le recouvrement de l\u2019ind\u00e9pendance en ce sens qu\u2019elle a constitu\u00e9 la premi\u00e8re \u00e9tincelle ayant d\u00e9clench\u00e9 d\u2019autres soul\u00e8vements, notamment les 16 et 17 ao\u00fbt 1953 \u00e0 Oujda et \u00e0 Tafoughalt (Berkane), et quelques jours plus tard l\u2019\u00e9pop\u00e9e de la glorieuse R\u00e9volution du Roi et du Peuple.<\/p>\n<p>Cet \u00e9v\u00e9nement phare, qui restera grav\u00e9 \u00e0 jamais dans la m\u00e9moire de tous les Marocains et toujours vivace dans leurs c\u0153urs, repr\u00e9sente une reconnaissance de l\u2019h\u00e9ro\u00efsme, du patriotisme, de l\u2019altruisme et de l\u2019abn\u00e9gation des valeureux anc\u00eatres qui n\u2019ont m\u00e9nag\u00e9 aucun effort pour la d\u00e9fense des constantes sacr\u00e9es du pays, dans l\u2019une des plus belles images de lutte contre la conspiration et la tentative de l\u2019occupant d\u2019introniser sa marionnette \u00ab\u00a0Ibn Arafa\u00a0\u00bb.<\/p>\n<p>Avant l\u2019exil de Feu SM Mohammed V, un comit\u00e9 de Pachas et de Caids s\u2019\u00e9tait ainsi r\u00e9uni \u00e0 Marrakech pour pr\u00e9parer l\u2019intronisation du sultan fantoche \u00ab\u00a0Ibn Arafa\u201d.<\/p>\n<p>Cette action ignoble a suscit\u00e9 l\u2019ire du peuple marocain qui s\u2019est \u00e9lev\u00e9 comme un seul homme en affichant une d\u00e9termination immuable pour faire avorter le complot perfide ourdi par l\u2019occupant contre le symbole de la souverainet\u00e9 nationale.<\/p>\n<p>Une fois inform\u00e9es de cette conspiration et qu&rsquo;\u00a0\u00bbIbn Arafa\u00a0\u00bb allait \u00eatre d\u00e9sign\u00e9 comme nouveau sultan \u00e0 la Mosqu\u00e9e Al Koutoubia, les populations investirent les rues de la cit\u00e9 ocre et prirent part \u00e0 de grandes manifestations contre cette manigance coloniale pour exprimer leur attachement ind\u00e9fectible au Sultan l\u00e9gitime.<\/p>\n<p>Les mosqu\u00e9es d\u2019Al Mouassine et de la Koutoubia ont \u00e9t\u00e9 le th\u00e9\u00e2tre d\u2019incidents sanglants qui ont fait \u00e9chouer la c\u00e9r\u00e9monie d\u2019investiture d\u2019\u00a0\u00bbIbn Arafa\u00a0\u00bb, le 14 ao\u00fbt 1953, contraignant les autorit\u00e9s coloniales \u00e0 ajourner jusqu\u2019au lendemain cette c\u00e9r\u00e9monie offensante et provocatrice.<\/p>\n<p>Le 15 ao\u00fbt 1953, les populations se sont donn\u00e9es rendez-vous \u00e0 la place du M\u00e9chouar pour exprimer leur col\u00e8re et leur rejet des manoeuvres ourdies et attentatoires \u00e0 la dignit\u00e9 et \u00e0 la volont\u00e9 du peuple marocain.<\/p>\n<p>Lors de cette manifestation, \u00e0 laquelle ont pris part toutes les composantes de la soci\u00e9t\u00e9 marocaine, notamment les femmes, les manifestants se sont affront\u00e9s \u00e0 une patrouille qui a tent\u00e9 de les \u00e9loigner de la porte du M\u00e9chouar en usant de bombes lacrymog\u00e8nes. Une vague d\u2019arrestations a \u00e9t\u00e9 \u00e9galement op\u00e9r\u00e9e parmi les rangs des r\u00e9sistants, des militants et des nationalistes.<\/p>\n<p>Ce soul\u00e8vement populaire spontan\u00e9 a fortement perturb\u00e9 les manigances du colonisateur, illustrant, si besoin est, que le peuple marocain demeure fortement mobilis\u00e9 derri\u00e8re le Glorieux Tr\u00f4ne Alaouite et r\u00e9sistera farouchement \u00e0 toutes les tentatives attentatoires \u00e0 la souverainet\u00e9 et aux constantes nationales du Royaume.<\/p>\n<p>Le 11 septembre de la m\u00eame ann\u00e9e, le martyr Allal Ben Abdellah s\u2019est attaqu\u00e9 au cort\u00e8ge d&rsquo;\u00a0\u00bbIbn Arafa\u00a0\u00bb, sacrifiant ainsi sa vie pour la d\u00e9fense des valeurs sacr\u00e9es des Marocains, dont la lutte s\u2019est poursuivie sous diff\u00e9rentes formes : manifestations, actes de r\u00e9sistance et combats acharn\u00e9s, jusqu\u2019\u00e0 la victoire finale.<\/p>\n<p>Outre sa port\u00e9e historique, cet \u00e9v\u00e9nement repr\u00e9sente aussi une le\u00e7on inspirante pour les g\u00e9n\u00e9rations montantes afin qu\u2019elles restent visc\u00e9ralement attach\u00e9es aux valeurs du patriotisme sinc\u00e8re, du sacrifice inconditionnel et de l\u2019esprit de citoyennet\u00e9 positive pour mieux d\u00e9fendre les int\u00e9r\u00eats sup\u00e9rieurs de leur pays.<\/p>\n<p>Dans ce sillage, la D\u00e9l\u00e9gation R\u00e9gionale du Haut-Commissariat aux Anciens R\u00e9sistants et Anciens Membres de l\u2019Arm\u00e9e de Lib\u00e9ration \u00e0 Marrakech a mis en place un programme riche en activit\u00e9s avec, entre autres, des expos\u00e9s pour la mise en exergue de la port\u00e9e de cet anniversaire et la distribution d\u2019aides financi\u00e8res \u00e0 des membres de la famille de la r\u00e9sistance et des ayants droits (martyrs et d\u00e9funts), et ce dans le respect strict des gestes barri\u00e8res et des mesures pr\u00e9ventives en vigueur pour endiguer la propagation de la Covid-19.<\/p>\n<p>Ces activit\u00e9s seront couronn\u00e9es par l\u2019organisation de conf\u00e9rences et de rencontres ax\u00e9es sur cet \u00e9v\u00e9nement, avec la participation d\u2019universitaires et de chercheurs, et ponctu\u00e9s de t\u00e9moignages livr\u00e9s par des personnalit\u00e9s ayant \u00e9t\u00e9 t\u00e9moins de cette \u00e9pop\u00e9e historique.<\/p>\n<p>Ce programme sera, en outre, agr\u00e9ment\u00e9 par des contributions artistiques et des lectures de po\u00e8mes avec comme toile de fond l\u2019esprit de lutte nationale, de militantisme et de patriotisme.<\/p>\n<p>The post <a rel=\"nofollow\" href=\"http:\/\/www.mapmarrakech.ma\/fr\/la-manifestation-du-mechouar-un-evenement-grave-dans-lhistoire\/\">La Manifestation du M\u00e9chouar, un \u00e9v\u00e9nement grav\u00e9 dans l\u2019histoire<\/a> appeared first on <a rel=\"nofollow\" href=\"http:\/\/www.mapmarrakech.ma\/fr\">MapMarrakech<\/a>.<\/p>\n<\/div>\n<p>Auteur: Meriem IGASS<br \/>\n<a href=\"http:\/\/www.mapmarrakech.ma\/fr\/la-manifestation-du-mechouar-un-evenement-grave-dans-lhistoire\/\">Cliquez ici pour lire l&rsquo;article depuis sa source.<\/a><\/p>\n","protected":false},"excerpt":{"rendered":"<p>En effet, la c\u00e9l\u00e9bration de cet \u00e9v\u00e9nement phare, \u00e9crit en lettres d\u2019or dans l\u2019histoire de la cit\u00e9 ocre, se veut une occasion renouvel\u00e9e pour faire revivre cette grande \u00e9pop\u00e9e et un moment fort pour honorer la m\u00e9moire des braves et valeureux martyrs, qui ont sacrifi\u00e9 leurs vies pour la d\u00e9fense de la Patrie et le [&hellip;]<\/p>\n","protected":false},"author":1788,"featured_media":0,"comment_status":"closed","ping_status":"closed","sticky":false,"template":"","format":"standard","meta":{"fifu_image_url":"http:\/\/www.mapmarrakech.ma\/map\/uploads\/2021\/08\/drapeau-.jpg","fifu_image_alt":"La Manifestation du M\u00e9chouar, un \u00e9v\u00e9nement grav\u00e9 dans l\u2019histoire","footnotes":""},"categories":[54,76],"tags":[],"class_list":["post-124045","post","type-post","status-publish","format-standard","hentry","category-maroc","category-regions"],"_links":{"self":[{"href":"https:\/\/linitiative.ca\/International\/wp-json\/wp\/v2\/posts\/124045","targetHints":{"allow":["GET"]}}],"collection":[{"href":"https:\/\/linitiative.ca\/International\/wp-json\/wp\/v2\/posts"}],"about":[{"href":"https:\/\/linitiative.ca\/International\/wp-json\/wp\/v2\/types\/post"}],"author":[{"embeddable":true,"href":"https:\/\/linitiative.ca\/International\/wp-json\/wp\/v2\/users\/1788"}],"replies":[{"embeddable":true,"href":"https:\/\/linitiative.ca\/International\/wp-json\/wp\/v2\/comments?post=124045"}],"version-history":[{"count":0,"href":"https:\/\/linitiative.ca\/International\/wp-json\/wp\/v2\/posts\/124045\/revisions"}],"wp:attachment":[{"href":"https:\/\/linitiative.ca\/International\/wp-json\/wp\/v2\/media?parent=124045"}],"wp:term":[{"taxonomy":"category","embeddable":true,"href":"https:\/\/linitiative.ca\/International\/wp-json\/wp\/v2\/categories?post=124045"},{"taxonomy":"post_tag","embeddable":true,"href":"https:\/\/linitiative.ca\/International\/wp-json\/wp\/v2\/tags?post=124045"}],"curies":[{"name":"wp","href":"https:\/\/api.w.org\/{rel}","templated":true}]}}