{"id":124047,"date":"2021-08-13T12:08:17","date_gmt":"2021-08-13T16:08:17","guid":{"rendered":"https:\/\/linitiative.ca\/International\/vague-de-chaleur-avec-chergui-du-vendredi-au-lundi\/"},"modified":"2021-08-13T12:08:17","modified_gmt":"2021-08-13T16:08:17","slug":"vague-de-chaleur-avec-chergui-du-vendredi-au-lundi","status":"publish","type":"post","link":"https:\/\/linitiative.ca\/International\/vague-de-chaleur-avec-chergui-du-vendredi-au-lundi\/","title":{"rendered":"Vague de chaleur avec chergui du vendredi au lundi"},"content":{"rendered":"<div>\n<div style=\"margin-bottom:20px;\"><img loading=\"lazy\" decoding=\"async\" width=\"750\" height=\"430\" src=\"https:\/\/linitiative.ca\/International\/wp-content\/uploads\/sites\/23\/2021\/08\/infographie-vague-de-chaleur.jpg\" class=\"attachment-post-thumbnail size-post-thumbnail wp-post-image\" alt=\"\" srcset=\"https:\/\/linitiative.ca\/International\/wp-content\/uploads\/sites\/23\/2021\/08\/infographie-vague-de-chaleur.jpg 750w, http:\/\/www.mapmarrakech.ma\/map\/uploads\/2021\/08\/infographie-vague-de-chaleur-300x172.jpg 300w\" sizes=\"auto, (max-width: 750px) 100vw, 750px\"><\/div>\n<div>\n<p>Ainsi, des temp\u00e9ratures variant entre 46 et 49\u00b0C concerneront, du vendredi \u00e0 lundi, les provinces de F\u00e8s, Mekn\u00e8s, Moulay Yacoub, Sidi Kacem, Sidi Slimane, Ouezzane, Taounate, B\u00e9ni Mellal, El Kelaa des Sraghna, Rehamna, Youssoufia, Fquih Ben Salah, Khouribga et Settat, a pr\u00e9cis\u00e9 la DGM, dans ce bulletin de niveau rouge.<\/p>\n<p>Du samedi au lundi, les temp\u00e9ratures oscilleront entre 47 et 49\u00b0C dans les provinces d\u2019Agadir-Ida-Ou-Tanane, Inzegane-Ait Melloul et Taroudant, a ajout\u00e9 la m\u00eame source.<\/p>\n<p>Du Vendredi au lundi, les provinces d\u2019Oujda-Angad, Jerada, Guercif, Touarirt, Chefchaouen, El Hajeb, Sefrou, Kh\u00e9nifra, Taza, Boulemane, Nador, Driouch, Berkane, Larache, K\u00e9nitra, Essaouira, Safi, Berrechid, Benslimane, El Jadida, Skhirate-T\u00e9mara, Rabat-Sal\u00e9, Nouaceur et M\u00e9diouna, conna\u00eetront des temp\u00e9ratures variant entre 39 et 45\u00b0C, pr\u00e9cise la m\u00eame source qui fait \u00e9tat d\u2019un niveau d\u2019alerte orange.<\/p>\n<p>D\u2019autre part, des temp\u00e9ratures allant de 45 \u00e0 48\u00b0C sont attendues, durant la m\u00eame p\u00e9riode de validit\u00e9, dans les provinces de Marrakech, Chichaoua, Kh\u00e9misset, Sidi Bennour, Assa-Zag, Tata et Zagora, ajoute la DGM qui pr\u00e9voit aussi, du samedi au lundi, des temp\u00e9ratures allant de 45 \u00e0 48\u00b0C, dans les provinces de Chtouka-Ait Baha, Guelmim, Es-Smara, Boujdour, Oued Ed-Dahab, Aousserd, Sidi Ifni, Tan-Tan, Tiznit, Laayoune et Tarfaya.<\/p>\n<\/div>\n<p>The post <a rel=\"nofollow\" href=\"http:\/\/www.mapmarrakech.ma\/fr\/vague-de-chaleur-avec-chergui-du-vendredi-au-lundi\/\">Vague de chaleur avec chergui du vendredi au lundi<\/a> appeared first on <a rel=\"nofollow\" href=\"http:\/\/www.mapmarrakech.ma\/fr\">MapMarrakech<\/a>.<\/p>\n<\/div>\n<p>Auteur: Meriem IGASS<br \/>\n<a href=\"http:\/\/www.mapmarrakech.ma\/fr\/vague-de-chaleur-avec-chergui-du-vendredi-au-lundi\/\">Cliquez ici pour lire l&rsquo;article depuis sa source.<\/a><\/p>\n","protected":false},"excerpt":{"rendered":"<p>Ainsi, des temp\u00e9ratures variant entre 46 et 49\u00b0C concerneront, du vendredi \u00e0 lundi, les provinces de F\u00e8s, Mekn\u00e8s, Moulay Yacoub, Sidi Kacem, Sidi Slimane, Ouezzane, Taounate, B\u00e9ni Mellal, El Kelaa des Sraghna, Rehamna, Youssoufia, Fquih Ben Salah, Khouribga et Settat, a pr\u00e9cis\u00e9 la DGM, dans ce bulletin de niveau rouge. Du samedi au lundi, les [&hellip;]<\/p>\n","protected":false},"author":1788,"featured_media":0,"comment_status":"closed","ping_status":"closed","sticky":false,"template":"","format":"standard","meta":{"fifu_image_url":"http:\/\/www.mapmarrakech.ma\/map\/uploads\/2021\/08\/infographie-vague-de-chaleur.jpg","fifu_image_alt":"Vague de chaleur avec chergui du vendredi au lundi","footnotes":""},"categories":[54,76],"tags":[],"class_list":["post-124047","post","type-post","status-publish","format-standard","hentry","category-maroc","category-regions"],"_links":{"self":[{"href":"https:\/\/linitiative.ca\/International\/wp-json\/wp\/v2\/posts\/124047","targetHints":{"allow":["GET"]}}],"collection":[{"href":"https:\/\/linitiative.ca\/International\/wp-json\/wp\/v2\/posts"}],"about":[{"href":"https:\/\/linitiative.ca\/International\/wp-json\/wp\/v2\/types\/post"}],"author":[{"embeddable":true,"href":"https:\/\/linitiative.ca\/International\/wp-json\/wp\/v2\/users\/1788"}],"replies":[{"embeddable":true,"href":"https:\/\/linitiative.ca\/International\/wp-json\/wp\/v2\/comments?post=124047"}],"version-history":[{"count":0,"href":"https:\/\/linitiative.ca\/International\/wp-json\/wp\/v2\/posts\/124047\/revisions"}],"wp:attachment":[{"href":"https:\/\/linitiative.ca\/International\/wp-json\/wp\/v2\/media?parent=124047"}],"wp:term":[{"taxonomy":"category","embeddable":true,"href":"https:\/\/linitiative.ca\/International\/wp-json\/wp\/v2\/categories?post=124047"},{"taxonomy":"post_tag","embeddable":true,"href":"https:\/\/linitiative.ca\/International\/wp-json\/wp\/v2\/tags?post=124047"}],"curies":[{"name":"wp","href":"https:\/\/api.w.org\/{rel}","templated":true}]}}