{"id":124053,"date":"2021-08-13T12:53:50","date_gmt":"2021-08-13T16:53:50","guid":{"rendered":"https:\/\/linitiative.ca\/International\/elections-du-8-septembre-depot-des-candidatures-du-16-au-25-aout\/"},"modified":"2021-08-13T12:53:50","modified_gmt":"2021-08-13T16:53:50","slug":"elections-du-8-septembre-depot-des-candidatures-du-16-au-25-aout","status":"publish","type":"post","link":"https:\/\/linitiative.ca\/International\/elections-du-8-septembre-depot-des-candidatures-du-16-au-25-aout\/","title":{"rendered":"\u00c9lections du 8 septembre : D\u00e9p\u00f4t des candidatures du 16 au 25 ao\u00fbt"},"content":{"rendered":"<div>\n<div style=\"margin-bottom:20px;\"><img loading=\"lazy\" decoding=\"async\" width=\"750\" height=\"430\" src=\"https:\/\/linitiative.ca\/International\/wp-content\/uploads\/sites\/23\/2021\/08\/MinistC3A8re-de-lintC3A9rieur-M750C397430-MAP-1.jpg\" class=\"attachment-post-thumbnail size-post-thumbnail wp-post-image\" alt=\"\" srcset=\"https:\/\/linitiative.ca\/International\/wp-content\/uploads\/sites\/23\/2021\/08\/MinistC3A8re-de-lintC3A9rieur-M750C397430-MAP-1.jpg 750w, http:\/\/www.mapoujda.ma\/map\/uploads\/2020\/03\/Minist\u00e8re-de-lint\u00e9rieur-M750\u00d7430-MAP-1-300x172.jpg 300w\" sizes=\"auto, (max-width: 750px) 100vw, 750px\"><\/div>\n<p style=\"text-align: justify;\">La date de d\u00e9p\u00f4t des candidatures pour les \u00e9lections g\u00e9n\u00e9rales du 08 septembre prochain a \u00e9t\u00e9 fix\u00e9e du 16 au 25 ao\u00fbt 2021, indique vendredi un communiqu\u00e9 du ministre de l\u2019Int\u00e9rieur.<\/p>\n<p style=\"text-align: justify;\">\u00ab\u00a0Dans le cadre des \u00e9lections g\u00e9n\u00e9rales pr\u00e9vues le mercredi 8 septembre 2021 pour \u00e9lire les membres de la Chambre des repr\u00e9sentants, les membres des Conseils communaux et d\u2019arrondissements et les membres des Conseils r\u00e9gionaux, le ministre de l\u2019Int\u00e9rieur rappelle aux \u00e9lectrices et aux \u00e9lecteurs que la p\u00e9riode de d\u00e9p\u00f4t des candidatures pour ces \u00e9lections d\u00e9butera le lundi 16 ao\u00fbt 2021 et se poursuivra jusqu\u2019au mercredi 25 ao\u00fbt 2021 \u00e0 midi\u00a0\u00bb, pr\u00e9cise le communiqu\u00e9.<\/p>\n<p style=\"text-align: justify;\">Pour l\u2019\u00e9lection des membres de la Chambre des repr\u00e9sentants, les candidatures sont \u00e0 d\u00e9poser sous forme de listes de candidature par le mandataire de chaque liste, au si\u00e8ge de la pr\u00e9fecture, de la province ou de la pr\u00e9fecture d\u2019arrondissements concern\u00e9e, pour les circonscriptions \u00e9lectorales locales, et au si\u00e8ge de la wilaya de la r\u00e9gion pour les circonscriptions \u00e9lectorales r\u00e9gionales, selon la m\u00eame source.<\/p>\n<p style=\"text-align: justify;\">Concernant l\u2019\u00e9lection des membres des Conseils communaux et d\u2019arrondissements, les candidatures seront d\u00e9pos\u00e9es, selon le cas, sous forme de listes de candidature ou de d\u00e9clarations individuelles de candidature par le mandataire de chaque liste ou chaque candidat, au si\u00e8ge de l\u2019autorit\u00e9 administrative locale dont rel\u00e8ve la commune ou l\u2019arrondissement.<\/p>\n<p style=\"text-align: justify;\">Quant aux candidatures relatives \u00e0 l\u2019\u00e9lection des membres des Conseils r\u00e9gionaux, elles doivent \u00eatre d\u00e9pos\u00e9es sous forme de listes de candidature par le mandataire de chaque liste au si\u00e8ge de la pr\u00e9fecture, de la province ou de la pr\u00e9fecture d\u2019arrondissements relevant de la r\u00e9gion concern\u00e9e.<\/p>\n<p style=\"text-align: justify;\">\u00c0 cette occasion, poursuit le communiqu\u00e9, le ministre de l\u2019Int\u00e9rieur informe les personnes souhaitant se pr\u00e9senter \u00e0 ces \u00e9lections qu\u2019elles peuvent retirer les formulaires de d\u00e9clarations individuelles de candidature ou les listes de candidature, selon le cas, aupr\u00e8s des autorit\u00e9s administratives locales dont rel\u00e8vent les circonscriptions au nom desquelles ils comptent se pr\u00e9senter.<\/p>\n<p style=\"text-align: justify;\">Et de souligner que les mandataires des listes de candidature ou les candidats doivent s\u2019assurer que les d\u00e9clarations de candidature remplissent les conditions et formalit\u00e9s pr\u00e9vues par les dispositions l\u00e9gales en vigueur, afin d\u2019\u00e9viter leur rejet.<\/p>\n<p style=\"text-align: justify;\">Le ministre de l\u2019Int\u00e9rieur tient \u00e0 rappeler que la campagne \u00e9lectorale au titre de ces \u00e9lections d\u00e9butera \u00e0 la premi\u00e8re heure du jeudi 26 ao\u00fbt 2021 et s\u2019ach\u00e8vera le mardi 7 septembre 2021 \u00e0 minuit, conclut le communiqu\u00e9.<\/p>\n<p>L\u2019article <a rel=\"nofollow\" href=\"http:\/\/www.mapoujda.ma\/fr\/elections-du-8-septembre-depot-des-candidatures-du-16-au-25-aout\/\">\u00c9lections du 8 septembre : D\u00e9p\u00f4t des candidatures du 16 au 25 ao\u00fbt<\/a> est apparu en premier sur <a rel=\"nofollow\" href=\"http:\/\/www.mapoujda.ma\/fr\">MapOujda<\/a>.<\/p>\n<\/div>\n<p>Auteur: Soufiane ELAHMAR<br \/>\n<a href=\"http:\/\/www.mapoujda.ma\/fr\/elections-du-8-septembre-depot-des-candidatures-du-16-au-25-aout\/\">Cliquez ici pour lire l&rsquo;article depuis sa source.<\/a><\/p>\n","protected":false},"excerpt":{"rendered":"<p>La date de d\u00e9p\u00f4t des candidatures pour les \u00e9lections g\u00e9n\u00e9rales du 08 septembre prochain a \u00e9t\u00e9 fix\u00e9e du 16 au 25 ao\u00fbt 2021, indique vendredi un communiqu\u00e9 du ministre de l\u2019Int\u00e9rieur. \u00ab\u00a0Dans le cadre des \u00e9lections g\u00e9n\u00e9rales pr\u00e9vues le mercredi 8 septembre 2021 pour \u00e9lire les membres de la Chambre des repr\u00e9sentants, les membres des [&hellip;]<\/p>\n","protected":false},"author":1788,"featured_media":0,"comment_status":"closed","ping_status":"closed","sticky":false,"template":"","format":"standard","meta":{"fifu_image_url":"http:\/\/www.mapoujda.ma\/map\/uploads\/2020\/03\/Minist\u00e8re-de-lint\u00e9rieur-M750\u00d7430-MAP-1.jpg","fifu_image_alt":"\u00c9lections du 8 septembre : D\u00e9p\u00f4t des candidatures du 16 au 25 ao\u00fbt","footnotes":""},"categories":[54,76],"tags":[],"class_list":["post-124053","post","type-post","status-publish","format-standard","hentry","category-maroc","category-regions"],"_links":{"self":[{"href":"https:\/\/linitiative.ca\/International\/wp-json\/wp\/v2\/posts\/124053","targetHints":{"allow":["GET"]}}],"collection":[{"href":"https:\/\/linitiative.ca\/International\/wp-json\/wp\/v2\/posts"}],"about":[{"href":"https:\/\/linitiative.ca\/International\/wp-json\/wp\/v2\/types\/post"}],"author":[{"embeddable":true,"href":"https:\/\/linitiative.ca\/International\/wp-json\/wp\/v2\/users\/1788"}],"replies":[{"embeddable":true,"href":"https:\/\/linitiative.ca\/International\/wp-json\/wp\/v2\/comments?post=124053"}],"version-history":[{"count":0,"href":"https:\/\/linitiative.ca\/International\/wp-json\/wp\/v2\/posts\/124053\/revisions"}],"wp:attachment":[{"href":"https:\/\/linitiative.ca\/International\/wp-json\/wp\/v2\/media?parent=124053"}],"wp:term":[{"taxonomy":"category","embeddable":true,"href":"https:\/\/linitiative.ca\/International\/wp-json\/wp\/v2\/categories?post=124053"},{"taxonomy":"post_tag","embeddable":true,"href":"https:\/\/linitiative.ca\/International\/wp-json\/wp\/v2\/tags?post=124053"}],"curies":[{"name":"wp","href":"https:\/\/api.w.org\/{rel}","templated":true}]}}