{"id":124057,"date":"2021-08-13T13:26:42","date_gmt":"2021-08-13T17:26:42","guid":{"rendered":"https:\/\/linitiative.ca\/International\/taounate-reconversion-de-115ha-de-cereales\/"},"modified":"2021-08-13T13:26:42","modified_gmt":"2021-08-13T17:26:42","slug":"taounate-reconversion-de-115ha-de-cereales","status":"publish","type":"post","link":"https:\/\/linitiative.ca\/International\/taounate-reconversion-de-115ha-de-cereales\/","title":{"rendered":"Taounate : Reconversion de 115ha de c\u00e9r\u00e9ales"},"content":{"rendered":"<div>\n<div class=\"field field-name-body field-type-text-with-summary field-label-hidden\">\n<div class=\"field-items\">\n<div class=\"field-item even\" property=\"content:encoded\">\n<p class=\"rtejustify\">Une superficie totale de 115 ha de c\u00e9r\u00e9ales est en cours de plantation en amandier dans la province de Taounate, selon la direction provinciale de l\u2019agriculture (DPA).<\/p>\n<p>Ces projets agricoles, qui se situent dans la localit\u00e9 de Jbel Sadra dans la commune de Timidit, profitent \u00e0 45 agriculteurs, pr\u00e9cise la DPA dans un communiqu\u00e9.<\/p>\n<\/div>\n<\/div>\n<\/div>\n<\/div>\n<p>Auteur: mbasraoui<br \/>\n<a href=\"https:\/\/www.leconomiste.com\/flash-infos\/taounate-reconversion-de-115ha-de-cereales\">Cliquez ici pour lire l&rsquo;article depuis sa source.<\/a><\/p>\n","protected":false},"excerpt":{"rendered":"<p>Une superficie totale de 115 ha de c\u00e9r\u00e9ales est en cours de plantation en amandier dans la province de Taounate, selon la direction provinciale de l\u2019agriculture (DPA). Ces projets agricoles, qui se situent dans la localit\u00e9 de Jbel Sadra dans la commune de Timidit, profitent \u00e0 45 agriculteurs, pr\u00e9cise la DPA dans un communiqu\u00e9. Auteur: [&hellip;]<\/p>\n","protected":false},"author":1763,"featured_media":0,"comment_status":"closed","ping_status":"closed","sticky":false,"template":"","format":"standard","meta":{"fifu_image_url":"","fifu_image_alt":"","footnotes":""},"categories":[78,54],"tags":[],"class_list":["post-124057","post","type-post","status-publish","format-standard","hentry","category-economie","category-maroc"],"_links":{"self":[{"href":"https:\/\/linitiative.ca\/International\/wp-json\/wp\/v2\/posts\/124057","targetHints":{"allow":["GET"]}}],"collection":[{"href":"https:\/\/linitiative.ca\/International\/wp-json\/wp\/v2\/posts"}],"about":[{"href":"https:\/\/linitiative.ca\/International\/wp-json\/wp\/v2\/types\/post"}],"author":[{"embeddable":true,"href":"https:\/\/linitiative.ca\/International\/wp-json\/wp\/v2\/users\/1763"}],"replies":[{"embeddable":true,"href":"https:\/\/linitiative.ca\/International\/wp-json\/wp\/v2\/comments?post=124057"}],"version-history":[{"count":0,"href":"https:\/\/linitiative.ca\/International\/wp-json\/wp\/v2\/posts\/124057\/revisions"}],"wp:attachment":[{"href":"https:\/\/linitiative.ca\/International\/wp-json\/wp\/v2\/media?parent=124057"}],"wp:term":[{"taxonomy":"category","embeddable":true,"href":"https:\/\/linitiative.ca\/International\/wp-json\/wp\/v2\/categories?post=124057"},{"taxonomy":"post_tag","embeddable":true,"href":"https:\/\/linitiative.ca\/International\/wp-json\/wp\/v2\/tags?post=124057"}],"curies":[{"name":"wp","href":"https:\/\/api.w.org\/{rel}","templated":true}]}}