{"id":124062,"date":"2021-08-13T04:00:00","date_gmt":"2021-08-13T08:00:00","guid":{"rendered":"https:\/\/linitiative.ca\/International\/me-imen-gzara-le-combat-dune-femme-irreductible-tant-que-la-justice-ne-sera-pas-affranchie\/"},"modified":"2021-08-13T04:00:00","modified_gmt":"2021-08-13T08:00:00","slug":"me-imen-gzara-le-combat-dune-femme-irreductible-tant-que-la-justice-ne-sera-pas-affranchie","status":"publish","type":"post","link":"https:\/\/linitiative.ca\/International\/me-imen-gzara-le-combat-dune-femme-irreductible-tant-que-la-justice-ne-sera-pas-affranchie\/","title":{"rendered":"Me Imen Gzara: Le combat d\u2019une femme irr\u00e9ductible, tant que la justice ne sera pas affranchie\u2026"},"content":{"rendered":"<div><img decoding=\"async\" src=\"https:\/\/linitiative.ca\/International\/wp-content\/uploads\/sites\/23\/2021\/08\/1628809071_article.jpg\" alt=\"Me Imen Gzara: Le combat d\u2019une femme irr\u00e9ductible, tant que la justice ne sera pas affranchie\u2026\" align=\"left\">Des mots cl\u00e9s ont fa\u00e7onn\u00e9 le caract\u00e8re de Maitre Imen Gzara. Jammel, sa ville natale, son p\u00e8re, enseignant tr\u00e8s respect\u00e9, le handball, la robe d\u2019avocat port\u00e9e par un ami de ses fr\u00e8res, son mari et ses deux enfants, le mouvement protestataire des avocats en 2010, l\u2019association Voix de la femme qu\u2019elle a fond\u00e9e \u00e0 Jammel et l\u2019assassinat de Chokri Bela\u00efd : l\u2019ADN en a fait une ic\u00f4ne. Son attachement profond \u00e0 sa libert\u00e9, \u00e0 son ind\u00e9pendance et \u00e0 ses valeurs fondatrices s\u2019est conjugu\u00e9 \u00e0 une r\u00e8gle de conduite: rester toujours dans l\u2019action, dans l\u2019anticipation, jamais dans la riposte.<br \/>\nSilhouette fine, discr\u00e8te, sereine\u2026 Le visage, malgr\u00e9 un l\u00e9ger sourire, &#8230;<\/p>\n<\/div>\n<p>Auteur:<br \/>\n<a href=\"https:\/\/www.leaders.com.tn\/article\/32276-me-imen-gzara-le-combat-d-une-femme-irreductible-tant-que-la-justice-ne-sera-pas-affranchie\">Cliquez ici pour lire l&rsquo;article depuis sa source.<\/a><\/p>\n","protected":false},"excerpt":{"rendered":"<p>Des mots cl\u00e9s ont fa\u00e7onn\u00e9 le caract\u00e8re de Maitre Imen Gzara. Jammel, sa ville natale, son p\u00e8re, enseignant tr\u00e8s respect\u00e9, le handball, la robe d\u2019avocat port\u00e9e par un ami de ses fr\u00e8res, son mari et ses deux enfants, le mouvement protestataire des avocats en 2010, l\u2019association Voix de la femme qu\u2019elle a fond\u00e9e \u00e0 Jammel [&hellip;]<\/p>\n","protected":false},"author":1772,"featured_media":0,"comment_status":"closed","ping_status":"closed","sticky":false,"template":"","format":"standard","meta":{"fifu_image_url":"http:\/\/www.leaders.com.tn\/uploads\/content\/thumbnails_small\/1628809071_article.jpg","fifu_image_alt":"Me Imen Gzara: Le combat d\u2019une femme irr\u00e9ductible, tant que la justice ne sera pas affranchie\u2026","footnotes":""},"categories":[73,55],"tags":[],"class_list":["post-124062","post","type-post","status-publish","format-standard","hentry","category-actualite","category-tunisie"],"_links":{"self":[{"href":"https:\/\/linitiative.ca\/International\/wp-json\/wp\/v2\/posts\/124062","targetHints":{"allow":["GET"]}}],"collection":[{"href":"https:\/\/linitiative.ca\/International\/wp-json\/wp\/v2\/posts"}],"about":[{"href":"https:\/\/linitiative.ca\/International\/wp-json\/wp\/v2\/types\/post"}],"author":[{"embeddable":true,"href":"https:\/\/linitiative.ca\/International\/wp-json\/wp\/v2\/users\/1772"}],"replies":[{"embeddable":true,"href":"https:\/\/linitiative.ca\/International\/wp-json\/wp\/v2\/comments?post=124062"}],"version-history":[{"count":0,"href":"https:\/\/linitiative.ca\/International\/wp-json\/wp\/v2\/posts\/124062\/revisions"}],"wp:attachment":[{"href":"https:\/\/linitiative.ca\/International\/wp-json\/wp\/v2\/media?parent=124062"}],"wp:term":[{"taxonomy":"category","embeddable":true,"href":"https:\/\/linitiative.ca\/International\/wp-json\/wp\/v2\/categories?post=124062"},{"taxonomy":"post_tag","embeddable":true,"href":"https:\/\/linitiative.ca\/International\/wp-json\/wp\/v2\/tags?post=124062"}],"curies":[{"name":"wp","href":"https:\/\/api.w.org\/{rel}","templated":true}]}}