{"id":124064,"date":"2021-08-13T08:08:00","date_gmt":"2021-08-13T12:08:00","guid":{"rendered":"https:\/\/linitiative.ca\/International\/contentieux-commercial-tunisie-maroc-sur-les-cahiers-scolaires-une-premiere-victoire-historique-de-la-tunisie-dans-lomc\/"},"modified":"2021-08-13T08:08:00","modified_gmt":"2021-08-13T12:08:00","slug":"contentieux-commercial-tunisie-maroc-sur-les-cahiers-scolaires-une-premiere-victoire-historique-de-la-tunisie-dans-lomc","status":"publish","type":"post","link":"https:\/\/linitiative.ca\/International\/contentieux-commercial-tunisie-maroc-sur-les-cahiers-scolaires-une-premiere-victoire-historique-de-la-tunisie-dans-lomc\/","title":{"rendered":"Contentieux commercial Tunisie-Maroc sur les cahiers scolaires: Une premi\u00e8re victoire historique de la Tunisie dans l\u2019OMC"},"content":{"rendered":"<div><img decoding=\"async\" src=\"https:\/\/linitiative.ca\/International\/wp-content\/uploads\/sites\/23\/2021\/08\/1628853624_article.jpg\" alt=\"Contentieux commercial Tunisie-Maroc sur les cahiers scolaires: Une premi\u00e8re victoire historique de la Tunisie dans l\u2019OMC \" align=\"left\">Par Bassem Karray &#8211; Le 27 juillet 2021, une date \u00e0 retenir. Le groupe sp\u00e9cial, \u00e9tabli par l\u2019Organe de R\u00e8glement des Diff\u00e9rends de l\u2019OMC pour examiner la plainte d\u00e9pos\u00e9e par la Tunisie contre le Maroc au sujet des droits anti-dumping impos\u00e9s \u00e0 l\u2019encontre des entreprises tunisiennes exportatrices de cahiers scolaires sur le march\u00e9 marocain, a rendu son rapport, fort attendu, sous le num\u00e9ro WT\/DS 578\/R, dans lequel il a donn\u00e9 gain de cause \u00e0 la Tunisie.<br \/>\nIl s\u2019agit d\u2019une victoire historique puisque c\u2019est pour la premi\u00e8re fois que la Tunisie s\u2019est engag\u00e9e dans un diff\u00e9rend en qualit\u00e9 de plaignant depuis sa signature des accords du GATT en 1990 et son adh\u00e9sion \u00e0 &#8230;<\/p>\n<\/div>\n<p>Auteur:<br \/>\n<a href=\"https:\/\/www.leaders.com.tn\/article\/32281-contentieux-commercial-tunisie-maroc-sur-les-cahiers-scolaires-une-premiere-victoire-historique-de-la-tunisie-dans-l-omc\">Cliquez ici pour lire l&rsquo;article depuis sa source.<\/a><\/p>\n","protected":false},"excerpt":{"rendered":"<p>Par Bassem Karray &#8211; Le 27 juillet 2021, une date \u00e0 retenir. Le groupe sp\u00e9cial, \u00e9tabli par l\u2019Organe de R\u00e8glement des Diff\u00e9rends de l\u2019OMC pour examiner la plainte d\u00e9pos\u00e9e par la Tunisie contre le Maroc au sujet des droits anti-dumping impos\u00e9s \u00e0 l\u2019encontre des entreprises tunisiennes exportatrices de cahiers scolaires sur le march\u00e9 marocain, a [&hellip;]<\/p>\n","protected":false},"author":1772,"featured_media":0,"comment_status":"closed","ping_status":"closed","sticky":false,"template":"","format":"standard","meta":{"fifu_image_url":"http:\/\/www.leaders.com.tn\/uploads\/content\/thumbnails_small\/1628853624_article.jpg","fifu_image_alt":"Contentieux commercial Tunisie-Maroc sur les cahiers scolaires: Une premi\u00e8re victoire historique de la Tunisie dans l\u2019OMC","footnotes":""},"categories":[73,55],"tags":[],"class_list":["post-124064","post","type-post","status-publish","format-standard","hentry","category-actualite","category-tunisie"],"_links":{"self":[{"href":"https:\/\/linitiative.ca\/International\/wp-json\/wp\/v2\/posts\/124064","targetHints":{"allow":["GET"]}}],"collection":[{"href":"https:\/\/linitiative.ca\/International\/wp-json\/wp\/v2\/posts"}],"about":[{"href":"https:\/\/linitiative.ca\/International\/wp-json\/wp\/v2\/types\/post"}],"author":[{"embeddable":true,"href":"https:\/\/linitiative.ca\/International\/wp-json\/wp\/v2\/users\/1772"}],"replies":[{"embeddable":true,"href":"https:\/\/linitiative.ca\/International\/wp-json\/wp\/v2\/comments?post=124064"}],"version-history":[{"count":0,"href":"https:\/\/linitiative.ca\/International\/wp-json\/wp\/v2\/posts\/124064\/revisions"}],"wp:attachment":[{"href":"https:\/\/linitiative.ca\/International\/wp-json\/wp\/v2\/media?parent=124064"}],"wp:term":[{"taxonomy":"category","embeddable":true,"href":"https:\/\/linitiative.ca\/International\/wp-json\/wp\/v2\/categories?post=124064"},{"taxonomy":"post_tag","embeddable":true,"href":"https:\/\/linitiative.ca\/International\/wp-json\/wp\/v2\/tags?post=124064"}],"curies":[{"name":"wp","href":"https:\/\/api.w.org\/{rel}","templated":true}]}}