{"id":124066,"date":"2021-08-13T08:45:00","date_gmt":"2021-08-13T12:45:00","guid":{"rendered":"https:\/\/linitiative.ca\/International\/kais-saied-quand-un-professeur-tunisien-devient-president-de-la-republique\/"},"modified":"2021-08-13T08:45:00","modified_gmt":"2021-08-13T12:45:00","slug":"kais-saied-quand-un-professeur-tunisien-devient-president-de-la-republique","status":"publish","type":"post","link":"https:\/\/linitiative.ca\/International\/kais-saied-quand-un-professeur-tunisien-devient-president-de-la-republique\/","title":{"rendered":"Kais Sa\u00efed: Quand un Professeur Tunisien devient Pr\u00e9sident de la r\u00e9publique !"},"content":{"rendered":"<div><img decoding=\"async\" src=\"https:\/\/linitiative.ca\/International\/wp-content\/uploads\/sites\/23\/2021\/08\/1628855812_article.jpg\" alt=\"Kais Sa\u00efed: Quand un Professeur Tunisien devient Pr\u00e9sident de la r\u00e9publique ! \" align=\"left\">Par Arsel\u00e8ne Ben Farhat &#8211; Le 25 juillet 2021, lorsque le rideau est tomb\u00e9, un monde ancien avec ses noirceurs, ses drames, ses violences et ses conneries a disparu et un autre est n\u00e9. L\u2019acteur principal de cette rupture a fait son choix. Il a surmont\u00e9 ses contradictions et a pu unifier son \u00ab Moi \u00bb tiraill\u00e9 entre l\u2019id\u00e9alisme de l\u2019universitaire et le pragmatisme de l\u2019homme politique.<br \/>\nL\u2019\u00e9cart entre le personnage et la personne, entre l\u2019enseignant et le politicien s\u2019estompe. La voix de Kais Sa\u00efed le professeur et celle de Kais Sa\u00efed le Pr\u00e9sident de la r\u00e9publique se rejoignent et se superposent pour d\u00e9noncer, haut et fort, la corruption, le corporatisme et &#8230;<\/p>\n<\/div>\n<p>Auteur:<br \/>\n<a href=\"https:\/\/www.leaders.com.tn\/article\/32282-kais-saied-quand-un-professeur-tunisien-devient-president-de-la-republique\">Cliquez ici pour lire l&rsquo;article depuis sa source.<\/a><\/p>\n","protected":false},"excerpt":{"rendered":"<p>Par Arsel\u00e8ne Ben Farhat &#8211; Le 25 juillet 2021, lorsque le rideau est tomb\u00e9, un monde ancien avec ses noirceurs, ses drames, ses violences et ses conneries a disparu et un autre est n\u00e9. L\u2019acteur principal de cette rupture a fait son choix. Il a surmont\u00e9 ses contradictions et a pu unifier son \u00ab Moi [&hellip;]<\/p>\n","protected":false},"author":1772,"featured_media":0,"comment_status":"closed","ping_status":"closed","sticky":false,"template":"","format":"standard","meta":{"fifu_image_url":"http:\/\/www.leaders.com.tn\/uploads\/content\/thumbnails_small\/1628855812_article.jpg","fifu_image_alt":"Kais Sa\u00efed: Quand un Professeur Tunisien devient Pr\u00e9sident de la r\u00e9publique !","footnotes":""},"categories":[73,55],"tags":[],"class_list":["post-124066","post","type-post","status-publish","format-standard","hentry","category-actualite","category-tunisie"],"_links":{"self":[{"href":"https:\/\/linitiative.ca\/International\/wp-json\/wp\/v2\/posts\/124066","targetHints":{"allow":["GET"]}}],"collection":[{"href":"https:\/\/linitiative.ca\/International\/wp-json\/wp\/v2\/posts"}],"about":[{"href":"https:\/\/linitiative.ca\/International\/wp-json\/wp\/v2\/types\/post"}],"author":[{"embeddable":true,"href":"https:\/\/linitiative.ca\/International\/wp-json\/wp\/v2\/users\/1772"}],"replies":[{"embeddable":true,"href":"https:\/\/linitiative.ca\/International\/wp-json\/wp\/v2\/comments?post=124066"}],"version-history":[{"count":0,"href":"https:\/\/linitiative.ca\/International\/wp-json\/wp\/v2\/posts\/124066\/revisions"}],"wp:attachment":[{"href":"https:\/\/linitiative.ca\/International\/wp-json\/wp\/v2\/media?parent=124066"}],"wp:term":[{"taxonomy":"category","embeddable":true,"href":"https:\/\/linitiative.ca\/International\/wp-json\/wp\/v2\/categories?post=124066"},{"taxonomy":"post_tag","embeddable":true,"href":"https:\/\/linitiative.ca\/International\/wp-json\/wp\/v2\/tags?post=124066"}],"curies":[{"name":"wp","href":"https:\/\/api.w.org\/{rel}","templated":true}]}}