{"id":124068,"date":"2021-08-13T13:49:00","date_gmt":"2021-08-13T17:49:00","guid":{"rendered":"https:\/\/linitiative.ca\/International\/abdelaziz-kacem-leternel-feminin-lineducable-masculin\/"},"modified":"2021-08-13T13:49:00","modified_gmt":"2021-08-13T17:49:00","slug":"abdelaziz-kacem-leternel-feminin-lineducable-masculin","status":"publish","type":"post","link":"https:\/\/linitiative.ca\/International\/abdelaziz-kacem-leternel-feminin-lineducable-masculin\/","title":{"rendered":"Abdelaziz Kacem: L\u2019\u00e9ternel f\u00e9minin, l\u2019in\u00e9ducable masculin"},"content":{"rendered":"<div><img decoding=\"async\" src=\"https:\/\/linitiative.ca\/International\/wp-content\/uploads\/sites\/23\/2021\/08\/1628883988_article.jpg\" alt=\"Abdelaziz Kacem: L\u2019\u00e9ternel f\u00e9minin, l\u2019in\u00e9ducable masculin\" align=\"left\">Je remercie les ami(e)s qui se sont inqui\u00e9t\u00e9s de mes silences, en ces temps pand\u00e9miques, au propre et au figur\u00e9. Je les en remercie en les rassurant. Je ne suis pas covid\u00e9. Je suis simplement vid\u00e9, vid\u00e9 de tout enthousiasme. J\u2019avais besoin d\u2019une cure d\u2019altitude. Un recueil de po\u00e9sie \u00e0 publier \u00e0 la rentr\u00e9e et un appel des lointains, de plus en plus pressant. Au reste j\u2019\u00e9cris toujours \u00e0 Leaders magazine. C\u2019est ma plume faustienne, lass\u00e9e de tout, qui prit son vol, sous la proclamation du ch\u0153ur goeth\u00e9en final: l&rsquo;\u00e9ternel f\u00e9minin nous attire vers le haut.<br \/>\nAu soixante-cinqui\u00e8me anniversaire du CSP, je me devais de r\u00e9pondre pr\u00e9sent, pour dire non \u00e0 tous les V &#8230;<\/p>\n<\/div>\n<p>Auteur:<br \/>\n<a href=\"https:\/\/www.leaders.com.tn\/article\/32283-abdelaziz-kacem-l-eternel-feminin-l-ineducable-masculin\">Cliquez ici pour lire l&rsquo;article depuis sa source.<\/a><\/p>\n","protected":false},"excerpt":{"rendered":"<p>Je remercie les ami(e)s qui se sont inqui\u00e9t\u00e9s de mes silences, en ces temps pand\u00e9miques, au propre et au figur\u00e9. Je les en remercie en les rassurant. Je ne suis pas covid\u00e9. Je suis simplement vid\u00e9, vid\u00e9 de tout enthousiasme. J\u2019avais besoin d\u2019une cure d\u2019altitude. Un recueil de po\u00e9sie \u00e0 publier \u00e0 la rentr\u00e9e et [&hellip;]<\/p>\n","protected":false},"author":1772,"featured_media":0,"comment_status":"closed","ping_status":"closed","sticky":false,"template":"","format":"standard","meta":{"fifu_image_url":"http:\/\/www.leaders.com.tn\/uploads\/content\/thumbnails_small\/1628883988_article.jpg","fifu_image_alt":"Abdelaziz Kacem: L\u2019\u00e9ternel f\u00e9minin, l\u2019in\u00e9ducable masculin","footnotes":""},"categories":[73,55],"tags":[],"class_list":["post-124068","post","type-post","status-publish","format-standard","hentry","category-actualite","category-tunisie"],"_links":{"self":[{"href":"https:\/\/linitiative.ca\/International\/wp-json\/wp\/v2\/posts\/124068","targetHints":{"allow":["GET"]}}],"collection":[{"href":"https:\/\/linitiative.ca\/International\/wp-json\/wp\/v2\/posts"}],"about":[{"href":"https:\/\/linitiative.ca\/International\/wp-json\/wp\/v2\/types\/post"}],"author":[{"embeddable":true,"href":"https:\/\/linitiative.ca\/International\/wp-json\/wp\/v2\/users\/1772"}],"replies":[{"embeddable":true,"href":"https:\/\/linitiative.ca\/International\/wp-json\/wp\/v2\/comments?post=124068"}],"version-history":[{"count":0,"href":"https:\/\/linitiative.ca\/International\/wp-json\/wp\/v2\/posts\/124068\/revisions"}],"wp:attachment":[{"href":"https:\/\/linitiative.ca\/International\/wp-json\/wp\/v2\/media?parent=124068"}],"wp:term":[{"taxonomy":"category","embeddable":true,"href":"https:\/\/linitiative.ca\/International\/wp-json\/wp\/v2\/categories?post=124068"},{"taxonomy":"post_tag","embeddable":true,"href":"https:\/\/linitiative.ca\/International\/wp-json\/wp\/v2\/tags?post=124068"}],"curies":[{"name":"wp","href":"https:\/\/api.w.org\/{rel}","templated":true}]}}