{"id":124080,"date":"2021-08-13T16:31:52","date_gmt":"2021-08-13T20:31:52","guid":{"rendered":"https:\/\/linitiative.ca\/International\/tunisie-crise-politique-en-tunisie-les-usa-descendent-a-larene\/"},"modified":"2021-08-13T16:31:52","modified_gmt":"2021-08-13T20:31:52","slug":"tunisie-crise-politique-en-tunisie-les-usa-descendent-a-larene","status":"publish","type":"post","link":"https:\/\/linitiative.ca\/International\/tunisie-crise-politique-en-tunisie-les-usa-descendent-a-larene\/","title":{"rendered":"Tunisie \u2013 Crise politique en Tunisie\u00a0: Les USA descendent \u00e0 l\u2019ar\u00e8ne\u00a0!"},"content":{"rendered":"<div>\n<p>La crise politique en Tunisie, qui commence \u00e0 s\u2019\u00e9terniser, suite \u00e0 la d\u00e9cision prise par le pr\u00e9sident de la R\u00e9publique, Ka\u00efs Sa\u00efed, de geler le parlement et de limoger le chef du gouvernement, voil\u00e0, d\u00e9j\u00e0, 20 jours, mais qui n\u2019a pas \u00e9t\u00e9 suivie de mesures alternatives palpables, plongeant le pays dans l\u2019inconnu, et le flou [\u2026]<\/p>\n<p>L\u2019article <a href=\"https:\/\/www.tunisienumerique.com\/tunisie-crise-politique-en-tunisie-les-usa-descendent-a-larene\/\">Tunisie \u2013 Crise politique en Tunisie\u00a0: Les USA descendent \u00e0 l\u2019ar\u00e8ne\u00a0!<\/a> est apparu en premier sur <a href=\"https:\/\/www.tunisienumerique.com\/\">Tunisie<\/a>.<\/p>\n<\/div>\n<p>Auteur: Saber .<br \/>\n<a href=\"https:\/\/www.tunisienumerique.com\/tunisie-crise-politique-en-tunisie-les-usa-descendent-a-larene\/\">Cliquez ici pour lire l&rsquo;article depuis sa source.<\/a><\/p>\n","protected":false},"excerpt":{"rendered":"<p>La crise politique en Tunisie, qui commence \u00e0 s\u2019\u00e9terniser, suite \u00e0 la d\u00e9cision prise par le pr\u00e9sident de la R\u00e9publique, Ka\u00efs Sa\u00efed, de geler le parlement et de limoger le chef du gouvernement, voil\u00e0, d\u00e9j\u00e0, 20 jours, mais qui n\u2019a pas \u00e9t\u00e9 suivie de mesures alternatives palpables, plongeant le pays dans l\u2019inconnu, et le flou [&hellip;]<\/p>\n","protected":false},"author":1789,"featured_media":0,"comment_status":"closed","ping_status":"closed","sticky":false,"template":"","format":"standard","meta":{"fifu_image_url":"","fifu_image_alt":"","footnotes":""},"categories":[73,55],"tags":[],"class_list":["post-124080","post","type-post","status-publish","format-standard","hentry","category-actualite","category-tunisie"],"_links":{"self":[{"href":"https:\/\/linitiative.ca\/International\/wp-json\/wp\/v2\/posts\/124080","targetHints":{"allow":["GET"]}}],"collection":[{"href":"https:\/\/linitiative.ca\/International\/wp-json\/wp\/v2\/posts"}],"about":[{"href":"https:\/\/linitiative.ca\/International\/wp-json\/wp\/v2\/types\/post"}],"author":[{"embeddable":true,"href":"https:\/\/linitiative.ca\/International\/wp-json\/wp\/v2\/users\/1789"}],"replies":[{"embeddable":true,"href":"https:\/\/linitiative.ca\/International\/wp-json\/wp\/v2\/comments?post=124080"}],"version-history":[{"count":0,"href":"https:\/\/linitiative.ca\/International\/wp-json\/wp\/v2\/posts\/124080\/revisions"}],"wp:attachment":[{"href":"https:\/\/linitiative.ca\/International\/wp-json\/wp\/v2\/media?parent=124080"}],"wp:term":[{"taxonomy":"category","embeddable":true,"href":"https:\/\/linitiative.ca\/International\/wp-json\/wp\/v2\/categories?post=124080"},{"taxonomy":"post_tag","embeddable":true,"href":"https:\/\/linitiative.ca\/International\/wp-json\/wp\/v2\/tags?post=124080"}],"curies":[{"name":"wp","href":"https:\/\/api.w.org\/{rel}","templated":true}]}}