{"id":124081,"date":"2021-08-13T16:41:08","date_gmt":"2021-08-13T20:41:08","guid":{"rendered":"https:\/\/linitiative.ca\/International\/tunisie-journee-de-vaccination-les-medecins-et-pharmaciens-porteront-le-brassard-rouge\/"},"modified":"2021-08-13T16:41:08","modified_gmt":"2021-08-13T20:41:08","slug":"tunisie-journee-de-vaccination-les-medecins-et-pharmaciens-porteront-le-brassard-rouge","status":"publish","type":"post","link":"https:\/\/linitiative.ca\/International\/tunisie-journee-de-vaccination-les-medecins-et-pharmaciens-porteront-le-brassard-rouge\/","title":{"rendered":"Tunisie \u2013 Journ\u00e9e de vaccination\u00a0: Les m\u00e9decins et pharmaciens porteront le brassard rouge"},"content":{"rendered":"<div>\n<p>Le syndicat des m\u00e9decins, des pharmaciens et des m\u00e9decins dentistes de la sant\u00e9 publique, a annonc\u00e9 que ses adh\u00e9rents porteront, ce dimanche, \u00e0 l\u2019occasion de la deuxi\u00e8me journ\u00e9e nationale de vaccination, le brassard rouge, en protestation contre l\u2019atermoiement du minist\u00e8re de la sant\u00e9, et son refus de mettre en \u0153uvre les accords pr\u00e9alables conclus entre [\u2026]<\/p>\n<p>L\u2019article <a href=\"https:\/\/www.tunisienumerique.com\/tunisie-journee-de-vaccination-les-medecins-et-pharmaciens-porteront-le-brassard-rouge\/\">Tunisie \u2013 Journ\u00e9e de vaccination\u00a0: Les m\u00e9decins et pharmaciens porteront le brassard rouge<\/a> est apparu en premier sur <a href=\"https:\/\/www.tunisienumerique.com\/\">Tunisie<\/a>.<\/p>\n<\/div>\n<p>Auteur: LM<br \/>\n<a href=\"https:\/\/www.tunisienumerique.com\/tunisie-journee-de-vaccination-les-medecins-et-pharmaciens-porteront-le-brassard-rouge\/\">Cliquez ici pour lire l&rsquo;article depuis sa source.<\/a><\/p>\n","protected":false},"excerpt":{"rendered":"<p>Le syndicat des m\u00e9decins, des pharmaciens et des m\u00e9decins dentistes de la sant\u00e9 publique, a annonc\u00e9 que ses adh\u00e9rents porteront, ce dimanche, \u00e0 l\u2019occasion de la deuxi\u00e8me journ\u00e9e nationale de vaccination, le brassard rouge, en protestation contre l\u2019atermoiement du minist\u00e8re de la sant\u00e9, et son refus de mettre en \u0153uvre les accords pr\u00e9alables conclus entre [&hellip;]<\/p>\n","protected":false},"author":1789,"featured_media":0,"comment_status":"closed","ping_status":"closed","sticky":false,"template":"","format":"standard","meta":{"fifu_image_url":"","fifu_image_alt":"","footnotes":""},"categories":[73,55],"tags":[],"class_list":["post-124081","post","type-post","status-publish","format-standard","hentry","category-actualite","category-tunisie"],"_links":{"self":[{"href":"https:\/\/linitiative.ca\/International\/wp-json\/wp\/v2\/posts\/124081","targetHints":{"allow":["GET"]}}],"collection":[{"href":"https:\/\/linitiative.ca\/International\/wp-json\/wp\/v2\/posts"}],"about":[{"href":"https:\/\/linitiative.ca\/International\/wp-json\/wp\/v2\/types\/post"}],"author":[{"embeddable":true,"href":"https:\/\/linitiative.ca\/International\/wp-json\/wp\/v2\/users\/1789"}],"replies":[{"embeddable":true,"href":"https:\/\/linitiative.ca\/International\/wp-json\/wp\/v2\/comments?post=124081"}],"version-history":[{"count":0,"href":"https:\/\/linitiative.ca\/International\/wp-json\/wp\/v2\/posts\/124081\/revisions"}],"wp:attachment":[{"href":"https:\/\/linitiative.ca\/International\/wp-json\/wp\/v2\/media?parent=124081"}],"wp:term":[{"taxonomy":"category","embeddable":true,"href":"https:\/\/linitiative.ca\/International\/wp-json\/wp\/v2\/categories?post=124081"},{"taxonomy":"post_tag","embeddable":true,"href":"https:\/\/linitiative.ca\/International\/wp-json\/wp\/v2\/tags?post=124081"}],"curies":[{"name":"wp","href":"https:\/\/api.w.org\/{rel}","templated":true}]}}