{"id":124085,"date":"2021-08-12T17:41:10","date_gmt":"2021-08-12T21:41:10","guid":{"rendered":"https:\/\/linitiative.ca\/International\/faire-le-bien-avec-le-mal\/"},"modified":"2021-08-12T17:41:10","modified_gmt":"2021-08-12T21:41:10","slug":"faire-le-bien-avec-le-mal","status":"publish","type":"post","link":"https:\/\/linitiative.ca\/International\/faire-le-bien-avec-le-mal\/","title":{"rendered":"Faire le Bien avec le Mal"},"content":{"rendered":"<div>\n<p>Le monde s\u2019effondre dans l\u2019ab\u00eeme du comble terrestre, sans rempart La terre s\u2019embrase sous les flammes du mal qui s\u2019emballe de toute part Le c\u0153ur de l\u2019homme est un bloc de pierre arm\u00e9 de haine et de ranc\u0153ur L\u2019amour n\u2019existe que dans les chants des vautours blancs sans odeur Sous nos pieds nus aux orteils tondus, fleurissent des bombes \u00e0 la ronde La terre appartient au diable, les hommes se la disputent \u00e0 coup de fronde Le paradis n\u2019existe pas ailleurs, ici-bas, la vie est meilleure, l\u2019enfer est un leurre Chassez la veuve et l\u2019orphelin, vendez leur lopin et prenez leur pain sans beurre ! L\u2019\u00e9go de l\u2019homme a fait de notre esp\u00e8ce une cr\u00e9ature suspecte \u00e0 la vie dissolue Pour le pouvoir et la gloire, il est pr\u00eat \u00e0 boire du sang pour r\u00e9gner \u00e0 temps voulu Il fera la guerre pour la paix, avec les mots du mal et un arsenal de maux en tas Pour le paradis il m\u00e8nera le combat odieux pour un Dieu qu\u2019il ne conna\u00eet pas Tant pis pour les morts, tir\u00e9s au sort et jet\u00e9s \u00e0 b\u00e2bord par-dessus les remords des mentors Tant pis pour les \u00e9chapp\u00e9s pi\u00e9g\u00e9s, les rescap\u00e9s esseul\u00e9s, abandonn\u00e9s et oubli\u00e9s \u00e0 tort Tant pis pour les cerveaux d\u00e9lav\u00e9s qui r\u00eavent de vierges \u00e0 emblaver sur des lits de miel au ciel On ne jouit pas du Bien qui \u00e9panouit en flirtant avec le Mal qui ennuie et nuit, c\u2019est d\u00e9mentiel !<\/p>\n<p style=\"text-align: right\"><strong> Cl\u00e9ment ZONGO <\/strong><\/p>\n<p style=\"text-align: right\"><strong>clmentzongo@yahoo.fr <\/strong><\/p>\n<p>L\u2019article <a rel=\"nofollow\" href=\"https:\/\/www.sidwaya.info\/blog\/2021\/08\/12\/faire-le-bien-avec-le-mal\/\">Faire le Bien avec le Mal<\/a> est apparu en premier sur <a rel=\"nofollow\" href=\"https:\/\/www.sidwaya.info\/\">Quotidien Sidwaya<\/a>.<\/p>\n<\/div>\n<p>Auteur: BM. Sidwaya<br \/>\n<a href=\"https:\/\/www.sidwaya.info\/blog\/2021\/08\/12\/faire-le-bien-avec-le-mal\/\">Cliquez ici pour lire l&rsquo;article depuis sa source.<\/a><\/p>\n","protected":false},"excerpt":{"rendered":"<p>Le monde s\u2019effondre dans l\u2019ab\u00eeme du comble terrestre, sans rempart La terre s\u2019embrase sous les flammes du mal qui s\u2019emballe de toute part Le c\u0153ur de l\u2019homme est un bloc de pierre arm\u00e9 de haine et de ranc\u0153ur L\u2019amour n\u2019existe que dans les chants des vautours blancs sans odeur Sous nos pieds nus aux orteils [&hellip;]<\/p>\n","protected":false},"author":1816,"featured_media":0,"comment_status":"closed","ping_status":"closed","sticky":false,"template":"","format":"standard","meta":{"fifu_image_url":"","fifu_image_alt":"","footnotes":""},"categories":[73,81],"tags":[],"class_list":["post-124085","post","type-post","status-publish","format-standard","hentry","category-actualite","category-burkina-faso"],"_links":{"self":[{"href":"https:\/\/linitiative.ca\/International\/wp-json\/wp\/v2\/posts\/124085","targetHints":{"allow":["GET"]}}],"collection":[{"href":"https:\/\/linitiative.ca\/International\/wp-json\/wp\/v2\/posts"}],"about":[{"href":"https:\/\/linitiative.ca\/International\/wp-json\/wp\/v2\/types\/post"}],"author":[{"embeddable":true,"href":"https:\/\/linitiative.ca\/International\/wp-json\/wp\/v2\/users\/1816"}],"replies":[{"embeddable":true,"href":"https:\/\/linitiative.ca\/International\/wp-json\/wp\/v2\/comments?post=124085"}],"version-history":[{"count":0,"href":"https:\/\/linitiative.ca\/International\/wp-json\/wp\/v2\/posts\/124085\/revisions"}],"wp:attachment":[{"href":"https:\/\/linitiative.ca\/International\/wp-json\/wp\/v2\/media?parent=124085"}],"wp:term":[{"taxonomy":"category","embeddable":true,"href":"https:\/\/linitiative.ca\/International\/wp-json\/wp\/v2\/categories?post=124085"},{"taxonomy":"post_tag","embeddable":true,"href":"https:\/\/linitiative.ca\/International\/wp-json\/wp\/v2\/tags?post=124085"}],"curies":[{"name":"wp","href":"https:\/\/api.w.org\/{rel}","templated":true}]}}