{"id":124086,"date":"2021-08-12T17:44:44","date_gmt":"2021-08-12T21:44:44","guid":{"rendered":"https:\/\/linitiative.ca\/International\/reconciliation-nationale-ziniare-appelle-au-retour-de-blaise-compaore\/"},"modified":"2021-08-12T17:44:44","modified_gmt":"2021-08-12T21:44:44","slug":"reconciliation-nationale-ziniare-appelle-au-retour-de-blaise-compaore","status":"publish","type":"post","link":"https:\/\/linitiative.ca\/International\/reconciliation-nationale-ziniare-appelle-au-retour-de-blaise-compaore\/","title":{"rendered":"R\u00e9conciliation nationale  : Ziniar\u00e9 appelle au retour  de Blaise Compaor\u00e9"},"content":{"rendered":"<div>\n<p><strong>La commune de Ziniar\u00e9 a pr\u00e9sent\u00e9, le jeudi 12 ao\u00fbt 2021, sa strat\u00e9gie de r\u00e9conciliation et du pacte du vivre-ensemble. Le retour de l\u2019ancien pr\u00e9sident Blaise Compaor\u00e9 a \u00e9t\u00e9 retenu comme un pr\u00e9alable.<\/strong><\/p>\n<p>\u00ab Sans ambig\u00fcit\u00e9 aucune, la plupart des personnes- ressources demandent le retour des exil\u00e9s politiques, en particulier du pr\u00e9sident Blaise Compaor\u00e9 \u00bb, a affirm\u00e9 le Point focal R\u00e9conciliation nationale de la commune de Ziniar\u00e9, Samuel Korgo. Il a tenu ses propos, le jeudi 12 ao\u00fbt 2021, \u00e0 Ziniar\u00e9, \u00e0 l\u2019occasion des concertations communales sur la r\u00e9conciliation nationale et le pacte du vivre-ensemble. Dans cette municipalit\u00e9, foi du pasteur Korgo, les questions politiques pr\u00e9occupent au premier chef les personnalit\u00e9s morales et politiques et les populations locales.<\/p>\n<p>\u00ab Il s\u2019agit de voir comment les divergences politiques, les inimiti\u00e9s politiques peuvent \u00eatre r\u00e9solues. La question qui revient le plus est celle relative au retour des exil\u00e9s politiques afin que les c\u0153urs soient apais\u00e9s \u00bb, a expliqu\u00e9 M.Korgo. Le 2e probl\u00e8me est celui du foncier, \u00e0 en croire le point focal. Le passif foncier et l\u2019accaparement des terres par les promoteurs immobiliers inqui\u00e8tent les habitants de Ziniar\u00e9, qui y voient une bombe \u00e0 retardement, a estim\u00e9 M. Korgo. La derni\u00e8re pr\u00e9occupation majeure \u00e9voqu\u00e9e est la stigmatisation de certaines communaut\u00e9s. \u00ab Globalement, nous retenons que la commune de Ziniar\u00e9 va bien \u00bb, a fait savoir Samuel Korgo. Pour r\u00e9concilier les Burkinab\u00e9, les populations de Ziniar\u00e9 ont propos\u00e9 de privil\u00e9gier la concertation, la m\u00e9diation et le dialogue, selon le pasteur. \u00ab Elles demandent que toutes les mesures soient prises dans le respect des lois et de la l\u00e9gislation \u00bb, a-t-il indiqu\u00e9. Le pr\u00e9fet de Ziniar\u00e9, Drissa Sawadogo, a d\u00e9clin\u00e9 la vision du chef de l\u2019Etat, en mati\u00e8re de r\u00e9conciliation nationale , \u00e0 savoir, veiller \u00e0 ce que le pays soit r\u00e9concili\u00e9 avec lui-m\u00eame et de promouvoir le vivre-ensemble.<\/p>\n<p style=\"text-align: right;\"><strong>Elodie NIKIEMA <\/strong><\/p>\n<p style=\"text-align: right;\"><strong>Paul Ousmane COMPAORE (Stagiaires) <\/strong><\/p>\n<p>L\u2019article <a rel=\"nofollow\" href=\"https:\/\/www.sidwaya.info\/blog\/2021\/08\/12\/reconciliation-nationale-ziniare-appelle-au-retour-de-blaise-compaore\/\">R\u00e9conciliation nationale  : Ziniar\u00e9 appelle au retour  de Blaise Compaor\u00e9<\/a> est apparu en premier sur <a rel=\"nofollow\" href=\"https:\/\/www.sidwaya.info\/\">Quotidien Sidwaya<\/a>.<\/p>\n<\/div>\n<p>Auteur: BM. Sidwaya<br \/>\n<a href=\"https:\/\/www.sidwaya.info\/blog\/2021\/08\/12\/reconciliation-nationale-ziniare-appelle-au-retour-de-blaise-compaore\/\">Cliquez ici pour lire l&rsquo;article depuis sa source.<\/a><\/p>\n","protected":false},"excerpt":{"rendered":"<p>La commune de Ziniar\u00e9 a pr\u00e9sent\u00e9, le jeudi 12 ao\u00fbt 2021, sa strat\u00e9gie de r\u00e9conciliation et du pacte du vivre-ensemble. Le retour de l\u2019ancien pr\u00e9sident Blaise Compaor\u00e9 a \u00e9t\u00e9 retenu comme un pr\u00e9alable. \u00ab Sans ambig\u00fcit\u00e9 aucune, la plupart des personnes- ressources demandent le retour des exil\u00e9s politiques, en particulier du pr\u00e9sident Blaise Compaor\u00e9 \u00bb, [&hellip;]<\/p>\n","protected":false},"author":1816,"featured_media":0,"comment_status":"closed","ping_status":"closed","sticky":false,"template":"","format":"standard","meta":{"fifu_image_url":"","fifu_image_alt":"","footnotes":""},"categories":[73,81],"tags":[],"class_list":["post-124086","post","type-post","status-publish","format-standard","hentry","category-actualite","category-burkina-faso"],"_links":{"self":[{"href":"https:\/\/linitiative.ca\/International\/wp-json\/wp\/v2\/posts\/124086","targetHints":{"allow":["GET"]}}],"collection":[{"href":"https:\/\/linitiative.ca\/International\/wp-json\/wp\/v2\/posts"}],"about":[{"href":"https:\/\/linitiative.ca\/International\/wp-json\/wp\/v2\/types\/post"}],"author":[{"embeddable":true,"href":"https:\/\/linitiative.ca\/International\/wp-json\/wp\/v2\/users\/1816"}],"replies":[{"embeddable":true,"href":"https:\/\/linitiative.ca\/International\/wp-json\/wp\/v2\/comments?post=124086"}],"version-history":[{"count":0,"href":"https:\/\/linitiative.ca\/International\/wp-json\/wp\/v2\/posts\/124086\/revisions"}],"wp:attachment":[{"href":"https:\/\/linitiative.ca\/International\/wp-json\/wp\/v2\/media?parent=124086"}],"wp:term":[{"taxonomy":"category","embeddable":true,"href":"https:\/\/linitiative.ca\/International\/wp-json\/wp\/v2\/categories?post=124086"},{"taxonomy":"post_tag","embeddable":true,"href":"https:\/\/linitiative.ca\/International\/wp-json\/wp\/v2\/tags?post=124086"}],"curies":[{"name":"wp","href":"https:\/\/api.w.org\/{rel}","templated":true}]}}