{"id":124092,"date":"2021-08-13T11:18:02","date_gmt":"2021-08-13T15:18:02","guid":{"rendered":"https:\/\/linitiative.ca\/International\/cote-divoire-lancement-des-travaux-dune-fourriere-administrative\/"},"modified":"2021-08-13T11:18:02","modified_gmt":"2021-08-13T15:18:02","slug":"cote-divoire-lancement-des-travaux-dune-fourriere-administrative","status":"publish","type":"post","link":"https:\/\/linitiative.ca\/International\/cote-divoire-lancement-des-travaux-dune-fourriere-administrative\/","title":{"rendered":"C\u00f4te d\u2019Ivoire : lancement des travaux d\u2019une fourri\u00e8re administrative"},"content":{"rendered":"<div>\n<p><img loading=\"lazy\" decoding=\"async\" width=\"800\" height=\"533\" src=\"https:\/\/linitiative.ca\/International\/wp-content\/uploads\/sites\/23\/2021\/08\/16288678825009.jpg\" class=\"attachment-post-thumbnail size-post-thumbnail wp-post-image\" alt=\"\" srcset=\"https:\/\/linitiative.ca\/International\/wp-content\/uploads\/sites\/23\/2021\/08\/16288678825009.jpg 800w, https:\/\/www.journalducameroun.com\/wp-content\/uploads\/2021\/08\/16288678825009-300x200.jpg 300w, https:\/\/www.journalducameroun.com\/wp-content\/uploads\/2021\/08\/16288678825009-768x512.jpg 768w, https:\/\/www.journalducameroun.com\/wp-content\/uploads\/2021\/08\/16288678825009-660x440.jpg 660w, https:\/\/www.journalducameroun.com\/wp-content\/uploads\/2021\/08\/16288678825009-600x400.jpg 600w\" sizes=\"auto, (max-width: 800px) 100vw, 800px\"><\/p>\n<p>Le ministre ivoirien des Transports, Amadou Kon\u00e9, a lanc\u00e9 vendredi au les travaux d&rsquo;une fourri\u00e8re administrative, sur le tron\u00e7on Abidjan-Attingui\u00e9, d&rsquo;un co\u00fbt d&rsquo;investissement de plus de 3 milliards Fcfa.<\/p>\n<p>\u00ab Les travaux sont pr\u00e9vus durer 18 mois pour un co\u00fbt d&rsquo;un peu plus de 3 milliards de Fcfa \u00bb, a indiqu\u00e9 M. Amadou Kon\u00e9, souhaitant que cette infrastructure logistique soit r\u00e9alis\u00e9e \u00ab un peu plus vite afin que d&rsquo;ici \u00e0 la fin de l&rsquo;ann\u00e9e prochaine (elle) soit disponible \u00bb.<\/p>\n<p>Cette fourri\u00e8re, renseignera-t-il, va \u00eatre \u00ab la plus grande fourri\u00e8re administrative de la sous-r\u00e9gion avec beaucoup de commodit\u00e9s \u00bb. Le projet s&rsquo;inscrit dans la strat\u00e9gie nationale de s\u00e9curit\u00e9 routi\u00e8re 2021-2025.<\/p>\n<p>Il a instruit l&rsquo;op\u00e9rateur technique d&rsquo;int\u00e9grer des stations de contr\u00f4le technique et un garage automobile, o\u00f9 ceux qui seront en infraction vont mettre au point leur v\u00e9hicule, car il ne s&rsquo;agit pas seulement de mettre en fourri\u00e8re des engins non r\u00e9glementaires.<\/p>\n<p>Le ministre des Transports, M. Amadou Kon\u00e9, a soulign\u00e9 que cette action est men\u00e9e avec les forces de l&rsquo;ordre afin que les routes soient s\u00fbres, et pour qu&rsquo;on perde moins de vies dans la circulation routi\u00e8re en C\u00f4te d&rsquo;Ivoire. \u00a0 \u00a0<\/p>\n<p>\u00ab Nous allons commencer les r\u00e9flexions bient\u00f4t, en accord avec le Premier ministre, pour r\u00e9aliser aussi dans un certain nombre de grandes villes, \u00e0 la p\u00e9riph\u00e9rie, \u00e0 l&rsquo;int\u00e9rieur du pays, des fourri\u00e8res administratives (&#8230;) d&rsquo;ici la fin de l&rsquo;ann\u00e9e \u00bb, a-t-il annonc\u00e9. \u00a0\u00a0<\/p>\n<p>Quipux Afrique est l&rsquo;op\u00e9rateur technique de ce projet. Son directeur g\u00e9n\u00e9ral, Ibrahima Kon\u00e9, a assur\u00e9 \u00e0 la presse qu&rsquo; \u00ab il sera am\u00e9nag\u00e9 avec toutes les commodit\u00e9s permettant la gestion de 4.000 v\u00e9hicules en rotation\u00bb.<\/p>\n<p>M. Ibrahima Kon\u00e9 a fait savoir qu&rsquo;\u00e0 ce site principal de la fourri\u00e8re administrative, il y aura des sites tampons diss\u00e9min\u00e9s au niveau du Grand Abidjan et qui vont envoyer la capacit\u00e9 de stationnement \u00e0 peu pr\u00e8s 10 hectares.<\/p>\n<p>Un fournisseur informatique local va \u00ab proposer une solution qui va permettre \u00e0 tout propri\u00e9taire de terrain en C\u00f4te d&rsquo;Ivoire, qui remplit les conditions (de d\u00e9tention de titre foncier), de pouvoir proposer son espace sur une plateforme int\u00e9gr\u00e9e et recevoir des v\u00e9hicules \u00bb, a-t-il poursuivi.<\/p>\n<p>La fourri\u00e8re administrative d\u00e9nomm\u00e9e CGI Park, est une plateforme de transit de v\u00e9hicules auteurs d&rsquo;infractions et autres entraves \u00e0 la fluidit\u00e9 routi\u00e8re. C&rsquo;est \u00e9galement un syst\u00e8me int\u00e9gr\u00e9 de solutions de gestion du stationnement.<\/p>\n<p>L&rsquo;am\u00e9nagement qui sera op\u00e9r\u00e9 sur 5 hectares comprend deux parties essentielles que sont la zone administrative, qui repr\u00e9sente 14% de la superficie, soit 7.754 m2 et la zone des parkings, repr\u00e9sentant 72% de la surface soit 4 ha pour un am\u00e9nagement de 1.546 places de stationnement.<\/p>\n<p>La fourri\u00e8re administrative du minist\u00e8re des Transports se trouve \u00e0 la p\u00e9riph\u00e9rie ouest du District d&rsquo;Abidjan, notamment sur le tron\u00e7on Abidjan-Attingui\u00e9. Elle longe l&rsquo;Autoroute du Nord et jouxte l&rsquo;\u00e9changeur de la Zone industrielle de PK 22.\u00a0<\/p>\n<p>Cet article <a rel=\"nofollow\" href=\"https:\/\/www.journalducameroun.com\/cote-divoire-lancement-des-travaux-dune-fourriere-administrative\/\">C\u00f4te d\u2019Ivoire : lancement des travaux d\u2019une fourri\u00e8re administrative<\/a> est apparu en premier sur <a rel=\"nofollow\" href=\"https:\/\/www.journalducameroun.com\/\">Journal du Cameroun<\/a>.<\/p>\n<\/div>\n<p>Auteur: APA News<br \/>\n<a href=\"https:\/\/www.journalducameroun.com\/cote-divoire-lancement-des-travaux-dune-fourriere-administrative\/\">Cliquez ici pour lire l&rsquo;article depuis sa source.<\/a><\/p>\n","protected":false},"excerpt":{"rendered":"<p>Le ministre ivoirien des Transports, Amadou Kon\u00e9, a lanc\u00e9 vendredi au les travaux d&rsquo;une fourri\u00e8re administrative, sur le tron\u00e7on Abidjan-Attingui\u00e9, d&rsquo;un co\u00fbt d&rsquo;investissement de plus de 3 milliards Fcfa. \u00ab Les travaux sont pr\u00e9vus durer 18 mois pour un co\u00fbt d&rsquo;un peu plus de 3 milliards de Fcfa \u00bb, a indiqu\u00e9 M. Amadou Kon\u00e9, souhaitant [&hellip;]<\/p>\n","protected":false},"author":1965,"featured_media":0,"comment_status":"closed","ping_status":"closed","sticky":false,"template":"","format":"standard","meta":{"fifu_image_url":"https:\/\/www.journalducameroun.com\/wp-content\/uploads\/2021\/08\/16288678825009.jpg","fifu_image_alt":"C\u00f4te d\u2019Ivoire : lancement des travaux d\u2019une fourri\u00e8re administrative","footnotes":""},"categories":[73,82],"tags":[],"class_list":["post-124092","post","type-post","status-publish","format-standard","hentry","category-actualite","category-cameroun"],"_links":{"self":[{"href":"https:\/\/linitiative.ca\/International\/wp-json\/wp\/v2\/posts\/124092","targetHints":{"allow":["GET"]}}],"collection":[{"href":"https:\/\/linitiative.ca\/International\/wp-json\/wp\/v2\/posts"}],"about":[{"href":"https:\/\/linitiative.ca\/International\/wp-json\/wp\/v2\/types\/post"}],"author":[{"embeddable":true,"href":"https:\/\/linitiative.ca\/International\/wp-json\/wp\/v2\/users\/1965"}],"replies":[{"embeddable":true,"href":"https:\/\/linitiative.ca\/International\/wp-json\/wp\/v2\/comments?post=124092"}],"version-history":[{"count":0,"href":"https:\/\/linitiative.ca\/International\/wp-json\/wp\/v2\/posts\/124092\/revisions"}],"wp:attachment":[{"href":"https:\/\/linitiative.ca\/International\/wp-json\/wp\/v2\/media?parent=124092"}],"wp:term":[{"taxonomy":"category","embeddable":true,"href":"https:\/\/linitiative.ca\/International\/wp-json\/wp\/v2\/categories?post=124092"},{"taxonomy":"post_tag","embeddable":true,"href":"https:\/\/linitiative.ca\/International\/wp-json\/wp\/v2\/tags?post=124092"}],"curies":[{"name":"wp","href":"https:\/\/api.w.org\/{rel}","templated":true}]}}