{"id":124094,"date":"2021-08-13T12:18:02","date_gmt":"2021-08-13T16:18:02","guid":{"rendered":"https:\/\/linitiative.ca\/International\/afsud-covid-plus-de-14-000-nouveaux-cas-en-24-heures\/"},"modified":"2021-08-13T12:18:02","modified_gmt":"2021-08-13T16:18:02","slug":"afsud-covid-plus-de-14-000-nouveaux-cas-en-24-heures","status":"publish","type":"post","link":"https:\/\/linitiative.ca\/International\/afsud-covid-plus-de-14-000-nouveaux-cas-en-24-heures\/","title":{"rendered":"Af\u2019Sud\/Covid : plus de 14.000 nouveaux cas en 24 heures"},"content":{"rendered":"<div>\n<p><img loading=\"lazy\" decoding=\"async\" width=\"250\" height=\"200\" src=\"https:\/\/linitiative.ca\/International\/wp-content\/uploads\/sites\/23\/2021\/08\/16288714824808.jpg\" class=\"attachment-post-thumbnail size-post-thumbnail wp-post-image\" alt=\"\"><\/p>\n<p>L&rsquo;Institut national des maladies transmissibles (NICD) a d\u00e9nombr\u00e9, hier jeudi, 14.271 nouveaux cas de Covid-19.Dans ce pays d&rsquo;Afrique australe, les provinces du Cap occidental et du KwaZulu-Natal sont les \u00e9picentres de la pand\u00e9mie, avec respectivement 3.701 et 3.603 nouveaux cas de coronavirus.<\/p>\n<p>Au m\u00eame moment, 2.259 cas ont \u00e9t\u00e9 enregistr\u00e9s dans la province de Gauteng, qui a \u00e9t\u00e9 d\u00e9pass\u00e9e par la province de Western Cape au cours de la semaine \u00e9coul\u00e9e, a indiqu\u00e9 le NICD.<\/p>\n<p>Le NICD a indiqu\u00e9 que 473 d\u00e9c\u00e8s dus au virus Covid-19 avaient \u00e9t\u00e9 signal\u00e9s dans la m\u00eame p\u00e9riode, ce qui porte le nombre de d\u00e9c\u00e8s \u00e0 76.247.<\/p>\n<p>Cet article <a rel=\"nofollow\" href=\"https:\/\/www.journalducameroun.com\/afsud-covid-plus-de-14-000-nouveaux-cas-en-24-heures\/\">Af\u2019Sud\/Covid : plus de 14.000 nouveaux cas en 24 heures<\/a> est apparu en premier sur <a rel=\"nofollow\" href=\"https:\/\/www.journalducameroun.com\/\">Journal du Cameroun<\/a>.<\/p>\n<\/div>\n<p>Auteur: APA News<br \/>\n<a href=\"https:\/\/www.journalducameroun.com\/afsud-covid-plus-de-14-000-nouveaux-cas-en-24-heures\/\">Cliquez ici pour lire l&rsquo;article depuis sa source.<\/a><\/p>\n","protected":false},"excerpt":{"rendered":"<p>L&rsquo;Institut national des maladies transmissibles (NICD) a d\u00e9nombr\u00e9, hier jeudi, 14.271 nouveaux cas de Covid-19.Dans ce pays d&rsquo;Afrique australe, les provinces du Cap occidental et du KwaZulu-Natal sont les \u00e9picentres de la pand\u00e9mie, avec respectivement 3.701 et 3.603 nouveaux cas de coronavirus. Au m\u00eame moment, 2.259 cas ont \u00e9t\u00e9 enregistr\u00e9s dans la province de Gauteng, [&hellip;]<\/p>\n","protected":false},"author":1965,"featured_media":0,"comment_status":"closed","ping_status":"closed","sticky":false,"template":"","format":"standard","meta":{"fifu_image_url":"https:\/\/www.journalducameroun.com\/wp-content\/uploads\/2021\/08\/16288714824808.jpg","fifu_image_alt":"Af\u2019Sud\/Covid : plus de 14.000 nouveaux cas en 24 heures","footnotes":""},"categories":[73,82],"tags":[],"class_list":["post-124094","post","type-post","status-publish","format-standard","hentry","category-actualite","category-cameroun"],"_links":{"self":[{"href":"https:\/\/linitiative.ca\/International\/wp-json\/wp\/v2\/posts\/124094","targetHints":{"allow":["GET"]}}],"collection":[{"href":"https:\/\/linitiative.ca\/International\/wp-json\/wp\/v2\/posts"}],"about":[{"href":"https:\/\/linitiative.ca\/International\/wp-json\/wp\/v2\/types\/post"}],"author":[{"embeddable":true,"href":"https:\/\/linitiative.ca\/International\/wp-json\/wp\/v2\/users\/1965"}],"replies":[{"embeddable":true,"href":"https:\/\/linitiative.ca\/International\/wp-json\/wp\/v2\/comments?post=124094"}],"version-history":[{"count":0,"href":"https:\/\/linitiative.ca\/International\/wp-json\/wp\/v2\/posts\/124094\/revisions"}],"wp:attachment":[{"href":"https:\/\/linitiative.ca\/International\/wp-json\/wp\/v2\/media?parent=124094"}],"wp:term":[{"taxonomy":"category","embeddable":true,"href":"https:\/\/linitiative.ca\/International\/wp-json\/wp\/v2\/categories?post=124094"},{"taxonomy":"post_tag","embeddable":true,"href":"https:\/\/linitiative.ca\/International\/wp-json\/wp\/v2\/tags?post=124094"}],"curies":[{"name":"wp","href":"https:\/\/api.w.org\/{rel}","templated":true}]}}