{"id":124096,"date":"2021-08-13T12:18:02","date_gmt":"2021-08-13T16:18:02","guid":{"rendered":"https:\/\/linitiative.ca\/International\/eric-kalala-nsantou-nouveau-pdg-de-bollore-en-rd-congo\/"},"modified":"2021-08-13T12:18:02","modified_gmt":"2021-08-13T16:18:02","slug":"eric-kalala-nsantou-nouveau-pdg-de-bollore-en-rd-congo","status":"publish","type":"post","link":"https:\/\/linitiative.ca\/International\/eric-kalala-nsantou-nouveau-pdg-de-bollore-en-rd-congo\/","title":{"rendered":"Eric Kalala Nsantou, nouveau PDG de Bollor\u00e9 en RD Congo"},"content":{"rendered":"<div>\n<p><img loading=\"lazy\" decoding=\"async\" width=\"512\" height=\"288\" src=\"https:\/\/linitiative.ca\/International\/wp-content\/uploads\/sites\/23\/2021\/08\/16288714828329.jpg\" class=\"attachment-post-thumbnail size-post-thumbnail wp-post-image\" alt=\"\" srcset=\"https:\/\/linitiative.ca\/International\/wp-content\/uploads\/sites\/23\/2021\/08\/16288714828329.jpg 512w, https:\/\/www.journalducameroun.com\/wp-content\/uploads\/2021\/08\/16288714828329-300x169.jpg 300w, https:\/\/www.journalducameroun.com\/wp-content\/uploads\/2021\/08\/16288714828329-780x440.jpg 780w, https:\/\/www.journalducameroun.com\/wp-content\/uploads\/2021\/08\/16288714828329-380x215.jpg 380w, https:\/\/www.journalducameroun.com\/wp-content\/uploads\/2021\/08\/16288714828329-160x90.jpg 160w, https:\/\/www.journalducameroun.com\/wp-content\/uploads\/2021\/08\/16288714828329-240x135.jpg 240w\" sizes=\"auto, (max-width: 512px) 100vw, 512px\"><\/p>\n<p>Directeur G\u00e9n\u00e9ral depuis 2019 de la filiale congolaise de Bollor\u00e9 Transport et Logistics, Eric Kalala Nsantou succ\u00e8de \u00e0 Fran\u00e7ois Kaniki qui a \u00e9t\u00e9 pr\u00e9sident du Conseil de l&rsquo;entreprise pendant plus de dix ans.Le nouveau Pr\u00e9sident Directeur G\u00e9n\u00e9ral de Bollor\u00e9 Transports et Logistics en R\u00e9publique d\u00e9mocratique du Congo poss\u00e8de une solide exp\u00e9rience dans les m\u00e9tiers de la gestion financi\u00e8re et de la logistique mini\u00e8re, rapporte un communiqu\u00e9 parvenu ce vendredi \u00e0 APA.<\/p>\n<p>Dipl\u00f4m\u00e9 en ing\u00e9nierie de gestion de l&rsquo;Institut d&rsquo;Administration et de Gestion \u00e0 l&rsquo;Universit\u00e9 Catholique de Louvain, M. Nsantou est aussi titulaire d&rsquo;un \u00ab Master in International Management \u00bb de l&rsquo;\u00c9cole des hautes \u00e9tudes commerciales (HEC-Paris) et du \u00ab General Management Program \u00bb de la Harvard Business School.<\/p>\n<p>Avec cette nouvelle nomination, Eric Kalala Nsantou a pour mission de renforcer l&rsquo;offre logistique de l&rsquo;entreprise en RDC. Il va notamment soutenir les projets de d\u00e9veloppement de la cha\u00eene logistique du pays. Gr\u00e2ce \u00e0 l&rsquo;expertise et l&rsquo;exp\u00e9rience des 800 collaborateurs RD Congolais, le nouveau Pr\u00e9sident Directeur G\u00e9n\u00e9ral va apporter la contribution de Bollor\u00e9 Transport &amp; Logistics au d\u00e9veloppement socio-\u00e9conomique du pays.<\/p>\n<p>\u00ab Je remercie notre Pr\u00e9sident et la Direction g\u00e9n\u00e9rale de Bollor\u00e9 Transport &amp; Logistics pour cette belle marque de confiance. Je mesure pleinement le sens du relai que me passe Fran\u00e7ois Kaniki dont j&rsquo;ai eu le privil\u00e8ge de b\u00e9n\u00e9ficier des pr\u00e9cieux conseils. A une p\u00e9riode o\u00f9 la covid-19 d\u00e9stabilise les \u00e9conomies, nous allons f\u00e9d\u00e9rer nos \u00e9quipes pour r\u00e9sister \u00e0 la crise, se frayer un chemin vers la relance \u00e9conomique et continuer \u00e0 garantir un service de qualit\u00e9 \u00e0 nos clients\u00a0\u00bb, a-t-il r\u00e9agi.<\/p>\n<p>Cet article <a rel=\"nofollow\" href=\"https:\/\/www.journalducameroun.com\/eric-kalala-nsantou-nouveau-pdg-de-bollore-en-rd-congo\/\">Eric Kalala Nsantou, nouveau PDG de Bollor\u00e9 en RD Congo<\/a> est apparu en premier sur <a rel=\"nofollow\" href=\"https:\/\/www.journalducameroun.com\/\">Journal du Cameroun<\/a>.<\/p>\n<\/div>\n<p>Auteur: APA News<br \/>\n<a href=\"https:\/\/www.journalducameroun.com\/eric-kalala-nsantou-nouveau-pdg-de-bollore-en-rd-congo\/\">Cliquez ici pour lire l&rsquo;article depuis sa source.<\/a><\/p>\n","protected":false},"excerpt":{"rendered":"<p>Directeur G\u00e9n\u00e9ral depuis 2019 de la filiale congolaise de Bollor\u00e9 Transport et Logistics, Eric Kalala Nsantou succ\u00e8de \u00e0 Fran\u00e7ois Kaniki qui a \u00e9t\u00e9 pr\u00e9sident du Conseil de l&rsquo;entreprise pendant plus de dix ans.Le nouveau Pr\u00e9sident Directeur G\u00e9n\u00e9ral de Bollor\u00e9 Transports et Logistics en R\u00e9publique d\u00e9mocratique du Congo poss\u00e8de une solide exp\u00e9rience dans les m\u00e9tiers de [&hellip;]<\/p>\n","protected":false},"author":1965,"featured_media":0,"comment_status":"closed","ping_status":"closed","sticky":false,"template":"","format":"standard","meta":{"fifu_image_url":"https:\/\/www.journalducameroun.com\/wp-content\/uploads\/2021\/08\/16288714828329.jpg","fifu_image_alt":"Eric Kalala Nsantou, nouveau PDG de Bollor\u00e9 en RD Congo","footnotes":""},"categories":[73,82],"tags":[],"class_list":["post-124096","post","type-post","status-publish","format-standard","hentry","category-actualite","category-cameroun"],"_links":{"self":[{"href":"https:\/\/linitiative.ca\/International\/wp-json\/wp\/v2\/posts\/124096","targetHints":{"allow":["GET"]}}],"collection":[{"href":"https:\/\/linitiative.ca\/International\/wp-json\/wp\/v2\/posts"}],"about":[{"href":"https:\/\/linitiative.ca\/International\/wp-json\/wp\/v2\/types\/post"}],"author":[{"embeddable":true,"href":"https:\/\/linitiative.ca\/International\/wp-json\/wp\/v2\/users\/1965"}],"replies":[{"embeddable":true,"href":"https:\/\/linitiative.ca\/International\/wp-json\/wp\/v2\/comments?post=124096"}],"version-history":[{"count":0,"href":"https:\/\/linitiative.ca\/International\/wp-json\/wp\/v2\/posts\/124096\/revisions"}],"wp:attachment":[{"href":"https:\/\/linitiative.ca\/International\/wp-json\/wp\/v2\/media?parent=124096"}],"wp:term":[{"taxonomy":"category","embeddable":true,"href":"https:\/\/linitiative.ca\/International\/wp-json\/wp\/v2\/categories?post=124096"},{"taxonomy":"post_tag","embeddable":true,"href":"https:\/\/linitiative.ca\/International\/wp-json\/wp\/v2\/tags?post=124096"}],"curies":[{"name":"wp","href":"https:\/\/api.w.org\/{rel}","templated":true}]}}