{"id":124100,"date":"2021-08-13T16:18:02","date_gmt":"2021-08-13T20:18:02","guid":{"rendered":"https:\/\/linitiative.ca\/International\/senegal-projet-de-modernisation-de-lhopital-de-tivaouane\/"},"modified":"2021-08-13T16:18:02","modified_gmt":"2021-08-13T20:18:02","slug":"senegal-projet-de-modernisation-de-lhopital-de-tivaouane","status":"publish","type":"post","link":"https:\/\/linitiative.ca\/International\/senegal-projet-de-modernisation-de-lhopital-de-tivaouane\/","title":{"rendered":"S\u00e9n\u00e9gal : projet de modernisation de l\u2019H\u00f4pital de Tivaouane"},"content":{"rendered":"<div>\n<p><img loading=\"lazy\" decoding=\"async\" width=\"1032\" height=\"688\" src=\"https:\/\/linitiative.ca\/International\/wp-content\/uploads\/sites\/23\/2021\/08\/16288858828701.jpg\" class=\"attachment-post-thumbnail size-post-thumbnail wp-post-image\" alt=\"\" srcset=\"https:\/\/linitiative.ca\/International\/wp-content\/uploads\/sites\/23\/2021\/08\/16288858828701.jpg 1032w, https:\/\/www.journalducameroun.com\/wp-content\/uploads\/2021\/08\/16288858828701-300x200.jpg 300w, https:\/\/www.journalducameroun.com\/wp-content\/uploads\/2021\/08\/16288858828701-768x512.jpg 768w, https:\/\/www.journalducameroun.com\/wp-content\/uploads\/2021\/08\/16288858828701-1024x683.jpg 1024w, https:\/\/www.journalducameroun.com\/wp-content\/uploads\/2021\/08\/16288858828701-660x440.jpg 660w, https:\/\/www.journalducameroun.com\/wp-content\/uploads\/2021\/08\/16288858828701-600x400.jpg 600w\" sizes=\"auto, (max-width: 1032px) 100vw, 1032px\"><\/p>\n<p>Abdoulaye Diouf Sarr, ministre de la Sant\u00e9, Amadou Hott, son homologue de l&rsquo;Economie et Pape Demba Diallo, Directeur G\u00e9n\u00e9ral du Fonds souverain d&rsquo;investissements strat\u00e9giques (Fonsis) ont sign\u00e9, vendredi \u00e0 Dakar, un protocole d&rsquo;accord pour transformer l&rsquo;h\u00f4pital de la cit\u00e9 religieuse en \u00e9tablissement public de sant\u00e9 de niveau 2.Tivaouane, la capitale de la Tidjaniyya (confr\u00e9rie soufie) au S\u00e9n\u00e9gal, devrait bient\u00f4t \u00eatre dot\u00e9e d&rsquo;un h\u00f4pital \u00e0 l&rsquo; \u00ab architecture innovante \u00bb proposant \u00ab des services de pointe \u00bb qui r\u00e9pondront aux besoins de sa population et des localit\u00e9s environnantes.<\/p>\n<p>C&rsquo;est l&rsquo;engagement pris par le ministre de la Sant\u00e9, Abdoulaye Diouf Sarr. Se sachant tr\u00e8s attendu sur la c\u00e9l\u00e9rit\u00e9 des travaux, il a exhort\u00e9 les \u00e9quipes \u00ab \u00e0 redoubler d&rsquo;efforts \u00bb afin que le d\u00e9lai de livraison de l&rsquo;infrastructure d&rsquo;une capacit\u00e9 de \u00ab 170 lits \u00bb soit respect\u00e9.<\/p>\n<p>Pour sa part, Amadou Hott, ministre de l&rsquo;Economie, du Plan et de la Coop\u00e9ration, a soulign\u00e9 que le protocole fixant le cadre d&rsquo;ex\u00e9cution dudit projet est \u00ab le fruit d&rsquo;une coop\u00e9ration dynamique \u00bb entre les deux d\u00e9partements minist\u00e9riels et le Fonsis.<\/p>\n<p>Dans son discours, l&rsquo;argentier de l&rsquo;Etat a soutenu que le gouvernement travaille \u00e0 l&rsquo; \u00ab am\u00e9lioration des conditions de vie des populations \u00bb notamment autour de Tivaouane qui \u00ab constitue un jalon important dans la conception et la r\u00e9alisation du plan quinquennal d&rsquo;investissement du secteur de la sant\u00e9 \u00bb.<\/p>\n<p>En outre, M. Hott a d\u00e9clar\u00e9 que le mode de financement de la r\u00e9novation de l&rsquo;H\u00f4pital Mame Abdoul Aziz Sy Dabakh de Tivaouane est \u00ab innovant \u00bb. Ce qui permet, selon lui, de pr\u00e9server la capacit\u00e9 d&rsquo;endettement de l&rsquo;Etat, tout en faisant intervenir un v\u00e9hicule public d&rsquo;investissement privil\u00e9gi\u00e9.<\/p>\n<p>Par cons\u00e9quent, le ministre de l&rsquo;Economie, du Plan et de la Coop\u00e9ration a plaid\u00e9 en faveur de \u00ab ces sch\u00e9mas d&rsquo;investissement pour r\u00e9ussir le pari du rel\u00e8vement de notre plateau m\u00e9dical qui est, par ailleurs, un \u00e9l\u00e9ment d&rsquo;attractivit\u00e9 de notre pays \u00bb.<\/p>\n<p>Cet article <a rel=\"nofollow\" href=\"https:\/\/www.journalducameroun.com\/senegal-projet-de-modernisation-de-lhopital-de-tivaouane\/\">S\u00e9n\u00e9gal : projet de modernisation de l\u2019H\u00f4pital de Tivaouane<\/a> est apparu en premier sur <a rel=\"nofollow\" href=\"https:\/\/www.journalducameroun.com\/\">Journal du Cameroun<\/a>.<\/p>\n<\/div>\n<p>Auteur: APA News<br \/>\n<a href=\"https:\/\/www.journalducameroun.com\/senegal-projet-de-modernisation-de-lhopital-de-tivaouane\/\">Cliquez ici pour lire l&rsquo;article depuis sa source.<\/a><\/p>\n","protected":false},"excerpt":{"rendered":"<p>Abdoulaye Diouf Sarr, ministre de la Sant\u00e9, Amadou Hott, son homologue de l&rsquo;Economie et Pape Demba Diallo, Directeur G\u00e9n\u00e9ral du Fonds souverain d&rsquo;investissements strat\u00e9giques (Fonsis) ont sign\u00e9, vendredi \u00e0 Dakar, un protocole d&rsquo;accord pour transformer l&rsquo;h\u00f4pital de la cit\u00e9 religieuse en \u00e9tablissement public de sant\u00e9 de niveau 2.Tivaouane, la capitale de la Tidjaniyya (confr\u00e9rie soufie) [&hellip;]<\/p>\n","protected":false},"author":1965,"featured_media":0,"comment_status":"closed","ping_status":"closed","sticky":false,"template":"","format":"standard","meta":{"fifu_image_url":"https:\/\/www.journalducameroun.com\/wp-content\/uploads\/2021\/08\/16288858828701.jpg","fifu_image_alt":"S\u00e9n\u00e9gal : projet de modernisation de l\u2019H\u00f4pital de Tivaouane","footnotes":""},"categories":[73,82],"tags":[],"class_list":["post-124100","post","type-post","status-publish","format-standard","hentry","category-actualite","category-cameroun"],"_links":{"self":[{"href":"https:\/\/linitiative.ca\/International\/wp-json\/wp\/v2\/posts\/124100","targetHints":{"allow":["GET"]}}],"collection":[{"href":"https:\/\/linitiative.ca\/International\/wp-json\/wp\/v2\/posts"}],"about":[{"href":"https:\/\/linitiative.ca\/International\/wp-json\/wp\/v2\/types\/post"}],"author":[{"embeddable":true,"href":"https:\/\/linitiative.ca\/International\/wp-json\/wp\/v2\/users\/1965"}],"replies":[{"embeddable":true,"href":"https:\/\/linitiative.ca\/International\/wp-json\/wp\/v2\/comments?post=124100"}],"version-history":[{"count":0,"href":"https:\/\/linitiative.ca\/International\/wp-json\/wp\/v2\/posts\/124100\/revisions"}],"wp:attachment":[{"href":"https:\/\/linitiative.ca\/International\/wp-json\/wp\/v2\/media?parent=124100"}],"wp:term":[{"taxonomy":"category","embeddable":true,"href":"https:\/\/linitiative.ca\/International\/wp-json\/wp\/v2\/categories?post=124100"},{"taxonomy":"post_tag","embeddable":true,"href":"https:\/\/linitiative.ca\/International\/wp-json\/wp\/v2\/tags?post=124100"}],"curies":[{"name":"wp","href":"https:\/\/api.w.org\/{rel}","templated":true}]}}