{"id":124106,"date":"2021-08-13T12:20:34","date_gmt":"2021-08-13T16:20:34","guid":{"rendered":"https:\/\/linitiative.ca\/International\/le-mindef-et-la-bicec-signent-un-protocole-daccord-relatif-a-loctroi-de-credits-au-personnel-militaire\/"},"modified":"2021-08-13T12:20:34","modified_gmt":"2021-08-13T16:20:34","slug":"le-mindef-et-la-bicec-signent-un-protocole-daccord-relatif-a-loctroi-de-credits-au-personnel-militaire","status":"publish","type":"post","link":"https:\/\/linitiative.ca\/International\/le-mindef-et-la-bicec-signent-un-protocole-daccord-relatif-a-loctroi-de-credits-au-personnel-militaire\/","title":{"rendered":"Le Mindef et la Bicec signent un protocole d\u2019accord relatif \u00e0 l\u2019octroi de cr\u00e9dits au personnel militaire"},"content":{"rendered":"<div>\n<p>Le minist\u00e8re de la D\u00e9fense (Mindef) et la\u00a0<strong><a href=\"https:\/\/ecomatin.net\/secteur-bancaire-5-milliards-de-fcfa-de-pertess-pourr-la-bicec-en-2020\/\">Banque internationale du Cameroun pour l\u2019\u00e9pargne et le cr\u00e9dit<\/a><\/strong>\u00a0(Bicec), sont d\u00e9sormais li\u00e9s par un protocole d\u2019accord, sign\u00e9 le 12 ao\u00fbt 2021. C\u2019\u00e9tait \u00e0 la salle des actes du Mindef, entre le Secr\u00e9taire g\u00e9n\u00e9ral de ce d\u00e9partement minist\u00e9riel, Sa\u00efd Kamssouloum, et le Directeur g\u00e9n\u00e9ral adjoint de la Bicec, Isabelle Kondo.<\/p>\n<p><strong>Lire auss<\/strong>i : <strong><a href=\"https:\/\/ecomatin.net\/crise-anglophone-le-mindef-sexpliique-sur-laffaire-wazizi\/\">Crise Anglophone: le Mindef s\u2019explique sur l\u2019affaire Wazizi<\/a><\/strong><\/p>\n<p>Le nouvel accord qui vient d\u2019\u00eatre sign\u00e9 permet aux personnels militaire et civil du minist\u00e8re de la D\u00e9fense de b\u00e9n\u00e9ficier de facilit\u00e9s dans l\u2019acc\u00e8s aux cr\u00e9dits et\u00a0\u00a0\u00e0 la propri\u00e9t\u00e9 immobili\u00e8re.\u00a0\u00ab\u00a0L\u2019objectif de cet accord est de fixer le cadre juridique de l\u2019octroi des cr\u00e9dits \u00e0 des conditions avantageuses, voire pr\u00e9f\u00e9rentielles aux personnels civil et militaire du minist\u00e8re de la D\u00e9fense\u00a0\u00bb,tel que l\u2019a expliqu\u00e9 \u00a0le SG du Mindef<em>.<\/em><\/p>\n<p><strong>Lire aussi<\/strong> : <strong><a href=\"https:\/\/ecomatin.net\/secteur-bancaire-5-milliards-de-fcfa-de-pertess-pourr-la-bicec-en-2020\/\">Bilan 2020: la Bicec affiche une perte de 5 milliards mais reste solide<\/a><\/strong><\/p>\n<p>L\u2019on peut dire que c\u2019est une bouff\u00e9e d\u2019oxyg\u00e8ne dont viennent de b\u00e9n\u00e9ficier les personnels du\u00a0<strong><a href=\"https:\/\/ecomatin.net\/crise-anglophone-le-mindef-sexpliique-sur-laffaire-wazizi\/\">Mindef<\/a><\/strong>. Mais pour cela, quelques conditions pr\u00e9alables doivent \u00eatre remplies. Avant tout, disposer d\u2019un compte \u00e0 la Bicec, ou d\u2019y ouvrir un.\u00a0\u00a0Ensuite, y faire domicilier l\u2019int\u00e9gralit\u00e9 de son salaire durant toute la p\u00e9riode de validit\u00e9 du cr\u00e9dit. Les pr\u00eats seront accord\u00e9s ici en fonction de la capacit\u00e9 d\u2019endettement et de remboursement de l\u2019emprunteur. Pour les cr\u00e9dits de consommation il est pr\u00e9vu qu\u2019ils s\u2019\u00e9tendent sur une dur\u00e9e de 84 mois, soit 7 ans. Tandis que les pr\u00eats immobiliers, eux peuvent aller jusqu\u2019\u00e0 180 mois, soit 15 ans. Notons par ailleurs que cette facilit\u00e9 s\u2019adresse aussi aux personnes retrait\u00e9es, qui auront aussi droit \u00e0 quelques faveurs. Pour en savoir plus, elles devront simplement se rendre aupr\u00e8s des agences Bicec.<\/p>\n<p><strong>Lire aussi<\/strong> : <strong><a href=\"https:\/\/ecomatin.net\/le-marocain-outman-roqdi-est-le-nouveau-dg-de-la-bicec\/\">Le marocain Outman Roqdi est le nouveau DG de la Bicec<\/a><\/strong><\/p>\n<p>Il faut rappeler que l\u2019accord qui\u00a0\u00a0lie d\u00e9sormais les deux partenaires, est une r\u00e9ponse favorable aux exigences du chef de l\u2019Etat Paul Biya. En effet, lors du cinquantenaire des forces de d\u00e9fense et de s\u00e9curit\u00e9, tenu le 08 ao\u00fbt 2010 \u00e0 Bamenda, il avait exig\u00e9 de mettre en place un processus de facilitation et d\u2019am\u00e9lioration des conditions de vie du personnel militaire, ainsi que leur acc\u00e8s aux propri\u00e9t\u00e9s immobili\u00e8res. Voil\u00e0 de quoi remonter le moral de nos forces de d\u00e9fense qui sont amen\u00e9es au quotidien \u00e0 assurer la protection de l\u2019ensemble du triangle national.<\/p>\n<p><strong>Jordane Abomo Ela (stagiaire)<\/strong><\/p>\n<p>L\u2019article <a rel=\"nofollow\" href=\"https:\/\/ecomatin.net\/le-mindef-et-la-bicec-signent-un-protocole-daccord-relatif-a-loctroi-de-credits-au-personnel-militaire\/\">Le Mindef et la Bicec signent un protocole d\u2019accord relatif \u00e0 l\u2019octroi de cr\u00e9dits au personnel militaire<\/a> est apparu en premier sur <a rel=\"nofollow\" href=\"https:\/\/ecomatin.net\/\">EcoMatin<\/a>.<\/p>\n<\/div>\n<p>Auteur: EcoMatin<br \/>\n<a href=\"https:\/\/ecomatin.net\/le-mindef-et-la-bicec-signent-un-protocole-daccord-relatif-a-loctroi-de-credits-au-personnel-militaire\/\">Cliquez ici pour lire l&rsquo;article depuis sa source.<\/a><\/p>\n","protected":false},"excerpt":{"rendered":"<p>Le minist\u00e8re de la D\u00e9fense (Mindef) et la\u00a0Banque internationale du Cameroun pour l\u2019\u00e9pargne et le cr\u00e9dit\u00a0(Bicec), sont d\u00e9sormais li\u00e9s par un protocole d\u2019accord, sign\u00e9 le 12 ao\u00fbt 2021. C\u2019\u00e9tait \u00e0 la salle des actes du Mindef, entre le Secr\u00e9taire g\u00e9n\u00e9ral de ce d\u00e9partement minist\u00e9riel, Sa\u00efd Kamssouloum, et le Directeur g\u00e9n\u00e9ral adjoint de la Bicec, Isabelle [&hellip;]<\/p>\n","protected":false},"author":1969,"featured_media":0,"comment_status":"closed","ping_status":"closed","sticky":false,"template":"","format":"standard","meta":{"fifu_image_url":"","fifu_image_alt":"","footnotes":""},"categories":[82,78],"tags":[],"class_list":["post-124106","post","type-post","status-publish","format-standard","hentry","category-cameroun","category-economie"],"_links":{"self":[{"href":"https:\/\/linitiative.ca\/International\/wp-json\/wp\/v2\/posts\/124106","targetHints":{"allow":["GET"]}}],"collection":[{"href":"https:\/\/linitiative.ca\/International\/wp-json\/wp\/v2\/posts"}],"about":[{"href":"https:\/\/linitiative.ca\/International\/wp-json\/wp\/v2\/types\/post"}],"author":[{"embeddable":true,"href":"https:\/\/linitiative.ca\/International\/wp-json\/wp\/v2\/users\/1969"}],"replies":[{"embeddable":true,"href":"https:\/\/linitiative.ca\/International\/wp-json\/wp\/v2\/comments?post=124106"}],"version-history":[{"count":0,"href":"https:\/\/linitiative.ca\/International\/wp-json\/wp\/v2\/posts\/124106\/revisions"}],"wp:attachment":[{"href":"https:\/\/linitiative.ca\/International\/wp-json\/wp\/v2\/media?parent=124106"}],"wp:term":[{"taxonomy":"category","embeddable":true,"href":"https:\/\/linitiative.ca\/International\/wp-json\/wp\/v2\/categories?post=124106"},{"taxonomy":"post_tag","embeddable":true,"href":"https:\/\/linitiative.ca\/International\/wp-json\/wp\/v2\/tags?post=124106"}],"curies":[{"name":"wp","href":"https:\/\/api.w.org\/{rel}","templated":true}]}}