{"id":124107,"date":"2021-08-14T10:00:00","date_gmt":"2021-08-14T14:00:00","guid":{"rendered":"https:\/\/linitiative.ca\/International\/des-temperatures-atteignant-les-47-degres-au-nord-de-lalgerie\/"},"modified":"2021-08-14T10:00:00","modified_gmt":"2021-08-14T14:00:00","slug":"des-temperatures-atteignant-les-47-degres-au-nord-de-lalgerie","status":"publish","type":"post","link":"https:\/\/linitiative.ca\/International\/des-temperatures-atteignant-les-47-degres-au-nord-de-lalgerie\/","title":{"rendered":"Des temp\u00e9ratures atteignant les 47 degr\u00e9s au nord de l\u2019Alg\u00e9rie"},"content":{"rendered":"<div>Des temp\u00e9ratures caniculaires atteignant ou d\u00e9passant les 44 degr\u00e9s, avec des pics de 46 \u00e0 47 degr\u00e9s, toucheront plusieurs wilayas du Nord du pays, selon un bulletin m\u00e9t\u00e9o sp\u00e9cial, r\u00e9percut\u00e9, ce samedi, par l\u2019APS.<\/div>\n<p>Auteur:<br \/>\n<a href=\"https:\/\/www.liberte-algerie.com\/actualite\/des-temperatures-atteignant-les-47-degres-au-nord-de-lalgerie-363345\">Cliquez ici pour lire l&rsquo;article depuis sa source.<\/a><\/p>\n","protected":false},"excerpt":{"rendered":"<p>Des temp\u00e9ratures caniculaires atteignant ou d\u00e9passant les 44 degr\u00e9s, avec des pics de 46 \u00e0 47 degr\u00e9s, toucheront plusieurs wilayas du Nord du pays, selon un bulletin m\u00e9t\u00e9o sp\u00e9cial, r\u00e9percut\u00e9, ce samedi, par l\u2019APS. Auteur: Cliquez ici pour lire l&rsquo;article depuis sa source.<\/p>\n","protected":false},"author":1742,"featured_media":0,"comment_status":"closed","ping_status":"closed","sticky":false,"template":"","format":"standard","meta":{"fifu_image_url":"","fifu_image_alt":"","footnotes":""},"categories":[73,53],"tags":[],"class_list":["post-124107","post","type-post","status-publish","format-standard","hentry","category-actualite","category-algerie"],"_links":{"self":[{"href":"https:\/\/linitiative.ca\/International\/wp-json\/wp\/v2\/posts\/124107","targetHints":{"allow":["GET"]}}],"collection":[{"href":"https:\/\/linitiative.ca\/International\/wp-json\/wp\/v2\/posts"}],"about":[{"href":"https:\/\/linitiative.ca\/International\/wp-json\/wp\/v2\/types\/post"}],"author":[{"embeddable":true,"href":"https:\/\/linitiative.ca\/International\/wp-json\/wp\/v2\/users\/1742"}],"replies":[{"embeddable":true,"href":"https:\/\/linitiative.ca\/International\/wp-json\/wp\/v2\/comments?post=124107"}],"version-history":[{"count":0,"href":"https:\/\/linitiative.ca\/International\/wp-json\/wp\/v2\/posts\/124107\/revisions"}],"wp:attachment":[{"href":"https:\/\/linitiative.ca\/International\/wp-json\/wp\/v2\/media?parent=124107"}],"wp:term":[{"taxonomy":"category","embeddable":true,"href":"https:\/\/linitiative.ca\/International\/wp-json\/wp\/v2\/categories?post=124107"},{"taxonomy":"post_tag","embeddable":true,"href":"https:\/\/linitiative.ca\/International\/wp-json\/wp\/v2\/tags?post=124107"}],"curies":[{"name":"wp","href":"https:\/\/api.w.org\/{rel}","templated":true}]}}