{"id":124108,"date":"2021-08-14T10:55:00","date_gmt":"2021-08-14T14:55:00","guid":{"rendered":"https:\/\/linitiative.ca\/International\/les-zones-affectees-par-les-feux-de-foret-ne-sont-pas-concernees\/"},"modified":"2021-08-14T10:55:00","modified_gmt":"2021-08-14T14:55:00","slug":"les-zones-affectees-par-les-feux-de-foret-ne-sont-pas-concernees","status":"publish","type":"post","link":"https:\/\/linitiative.ca\/International\/les-zones-affectees-par-les-feux-de-foret-ne-sont-pas-concernees\/","title":{"rendered":"Les zones affect\u00e9es par les feux de for\u00eat ne sont pas concern\u00e9es"},"content":{"rendered":"<div>Le confinement partiel \u00e0 domicile de 20h jusqu\u2019au lendemain \u00e0 6h du matin, a \u00e9t\u00e9 reconduit dans 40 wilayas pour une p\u00e9riode de 15 jours, \u00e0 compter du dimanche 15 aout 2021, ont annonc\u00e9, ce samedi, les services du Premier ministre.<\/div>\n<p>Auteur:<br \/>\n<a href=\"https:\/\/www.liberte-algerie.com\/actualite\/les-zones-affectees-par-les-feux-de-foret-ne-sont-pas-concernees-363346\">Cliquez ici pour lire l&rsquo;article depuis sa source.<\/a><\/p>\n","protected":false},"excerpt":{"rendered":"<p>Le confinement partiel \u00e0 domicile de 20h jusqu\u2019au lendemain \u00e0 6h du matin, a \u00e9t\u00e9 reconduit dans 40 wilayas pour une p\u00e9riode de 15 jours, \u00e0 compter du dimanche 15 aout 2021, ont annonc\u00e9, ce samedi, les services du Premier ministre. Auteur: Cliquez ici pour lire l&rsquo;article depuis sa source.<\/p>\n","protected":false},"author":1742,"featured_media":0,"comment_status":"closed","ping_status":"closed","sticky":false,"template":"","format":"standard","meta":{"fifu_image_url":"","fifu_image_alt":"","footnotes":""},"categories":[73,53],"tags":[],"class_list":["post-124108","post","type-post","status-publish","format-standard","hentry","category-actualite","category-algerie"],"_links":{"self":[{"href":"https:\/\/linitiative.ca\/International\/wp-json\/wp\/v2\/posts\/124108","targetHints":{"allow":["GET"]}}],"collection":[{"href":"https:\/\/linitiative.ca\/International\/wp-json\/wp\/v2\/posts"}],"about":[{"href":"https:\/\/linitiative.ca\/International\/wp-json\/wp\/v2\/types\/post"}],"author":[{"embeddable":true,"href":"https:\/\/linitiative.ca\/International\/wp-json\/wp\/v2\/users\/1742"}],"replies":[{"embeddable":true,"href":"https:\/\/linitiative.ca\/International\/wp-json\/wp\/v2\/comments?post=124108"}],"version-history":[{"count":0,"href":"https:\/\/linitiative.ca\/International\/wp-json\/wp\/v2\/posts\/124108\/revisions"}],"wp:attachment":[{"href":"https:\/\/linitiative.ca\/International\/wp-json\/wp\/v2\/media?parent=124108"}],"wp:term":[{"taxonomy":"category","embeddable":true,"href":"https:\/\/linitiative.ca\/International\/wp-json\/wp\/v2\/categories?post=124108"},{"taxonomy":"post_tag","embeddable":true,"href":"https:\/\/linitiative.ca\/International\/wp-json\/wp\/v2\/tags?post=124108"}],"curies":[{"name":"wp","href":"https:\/\/api.w.org\/{rel}","templated":true}]}}