{"id":124109,"date":"2021-08-14T06:28:50","date_gmt":"2021-08-14T10:28:50","guid":{"rendered":"https:\/\/linitiative.ca\/International\/la-drs-renforce-loffre-de-prise-en-charge-des-cas-covid-19\/"},"modified":"2021-08-14T06:28:50","modified_gmt":"2021-08-14T10:28:50","slug":"la-drs-renforce-loffre-de-prise-en-charge-des-cas-covid-19","status":"publish","type":"post","link":"https:\/\/linitiative.ca\/International\/la-drs-renforce-loffre-de-prise-en-charge-des-cas-covid-19\/","title":{"rendered":"La DRS renforce l\u2019offre de prise en charge des cas Covid-19"},"content":{"rendered":"<div>\n<div style=\"margin-bottom:20px;\"><img loading=\"lazy\" decoding=\"async\" width=\"750\" height=\"430\" src=\"https:\/\/linitiative.ca\/International\/wp-content\/uploads\/sites\/23\/2021\/08\/chapiteau-copier.jpg\" class=\"attachment-post-thumbnail size-post-thumbnail wp-post-image\" alt=\"\" srcset=\"https:\/\/linitiative.ca\/International\/wp-content\/uploads\/sites\/23\/2021\/08\/chapiteau-copier.jpg 750w, http:\/\/www.mapmarrakech.ma\/map\/uploads\/2021\/08\/chapiteau-copier-300x172.jpg 300w\" sizes=\"auto, (max-width: 750px) 100vw, 750px\"><\/div>\n<p>\u00ab\u00a0Dans le cadre des efforts constants visant \u00e0 faire face \u00e0 l\u2019\u00e9volution de la situation \u00e9pid\u00e9miologique au niveau national et \u00e0 Marrakech-Safi en particulier, marqu\u00e9e par la recrudescence des cas d\u2019hospitalisation et la pression sur le syst\u00e8me de sant\u00e9, la DRS \u0153uvre au renforcement de l\u2019offre sanitaire et l\u2019augmentation de la capacit\u00e9 d\u2019accueil des h\u00f4pitaux \u00e0 travers la r\u00e9ouverture de nouveaux services pour les d\u00e9dier aux cas de la Covid-19 ou l\u2019am\u00e9nagement de chapiteaux suppl\u00e9mentaires\u00a0\u00bb, indique dans un communiqu\u00e9\u00a0la DRS de Marrakech-Safi.<\/p>\n<p>Dans ce cadre, la DRS a proc\u00e9d\u00e9, samedi dernier, au lancement des travaux de l\u2019am\u00e9nagement d\u2019un nouveau chapiteau en pr\u00e9sence du Wali de la r\u00e9gion Marrakech-Safi, gouverneur de la pr\u00e9fecture de Marrakech, M. Karim Kassi-Lahlou.<\/p>\n<p>Etendue sur 1.600 m2, cette structure sanitaire, qui sera pr\u00eate \u00e0 recevoir les cas de la Covid-19 dans les prochains jours, est dot\u00e9e d\u2019une capacit\u00e9 d\u2019accueil de 200 lits suppl\u00e9mentaires \u00e9quip\u00e9s de tous les \u00e9quipements m\u00e9dicaux n\u00e9cessaires \u00e0 la prise en charge des cas de la Covid-19, ce qui permettra d\u2019all\u00e9ger la pression sur les h\u00f4pitaux de la cit\u00e9 ocre.<\/p>\n<p>Ce chapiteau vient s\u2019ajouter \u00e0 un autre d\u00e9j\u00e0 r\u00e9alis\u00e9 en ao\u00fbt dernier, qui est dot\u00e9 d\u2019une capacit\u00e9 de 100 lits, dont 40 d\u00e9di\u00e9s aux soins intensifs et 60 \u00e9quip\u00e9s d\u00e9di\u00e9s \u00e0 l\u2019hospitalisation des cas stables mais qui ont besoin d\u2019un suivi m\u00e9dical.<\/p>\n<p>Le m\u00eame communiqu\u00e9 souligne que les cadres m\u00e9dicaux de la r\u00e9gion Marrakech-Safi sont mobilis\u00e9s en permanence et ne m\u00e9nagent aucun effort pour lutter contre la pand\u00e9mie \u00e0 travers le suivi de la situation \u00e9pid\u00e9miologique et la prise en charge des cas de la Covid-19 ou la r\u00e9ussite de la campagne nationale de vaccination anti-Covid-19 en vue d\u2019enrayer la propagation du nouveau coronavirus et la r\u00e9alisation de l\u2019immunit\u00e9 collective.<\/p>\n<p>Dans ce contexte, la DRS exhorte les citoyens \u00e0 faire preuve de davantage de vigilance et moins de laxisme et le respect strict et s\u00e9rieux des mesures pr\u00e9ventives, notamment la distanciation sociale, le port obligatoire et ad\u00e9quat des bavettes et la d\u00e9sinfection permanente des mains.<\/p>\n<p>Par la m\u00eame occasion, la DRS de Marrakech-Safi appelle les citoyens \u00e2g\u00e9s de 20 et plus \u00e0 intensifier leur adh\u00e9sion dans la campagne nationale de vaccination pour recevoir la premi\u00e8re dose du vaccin et ensuite respecter le rendez-vous fix\u00e9 pour la deuxi\u00e8me dose, de m\u00eame que les femmes allaitantes et les femmes enceintes d\u00e8s le quatri\u00e8me mois de grossesse peuvent b\u00e9n\u00e9ficier du vaccin anti-Covid-19.<\/p>\n<p>De m\u00eame, la DRS tient \u00e0 remercier les cadres de sant\u00e9 qui sont dans les premi\u00e8res lignes du combat men\u00e9 contre cette pand\u00e9mie, ainsi que les autres intervenants, pour tous les efforts consentis pour la protection de la sant\u00e9 des citoyens et la contribution \u00e0 la lutte contre la pand\u00e9mie.<\/p>\n<p>The post <a rel=\"nofollow\" href=\"http:\/\/www.mapmarrakech.ma\/fr\/la-drs-renforce-loffre-de-prise-en-charge-des-cas-covid-19\/\">La DRS renforce l\u2019offre de prise en charge des cas Covid-19<\/a> appeared first on <a rel=\"nofollow\" href=\"http:\/\/www.mapmarrakech.ma\/fr\">MapMarrakech<\/a>.<\/p>\n<\/div>\n<p>Auteur: Meriem IGASS<br \/>\n<a href=\"http:\/\/www.mapmarrakech.ma\/fr\/la-drs-renforce-loffre-de-prise-en-charge-des-cas-covid-19\/\">Cliquez ici pour lire l&rsquo;article depuis sa source.<\/a><\/p>\n","protected":false},"excerpt":{"rendered":"<p>\u00ab\u00a0Dans le cadre des efforts constants visant \u00e0 faire face \u00e0 l\u2019\u00e9volution de la situation \u00e9pid\u00e9miologique au niveau national et \u00e0 Marrakech-Safi en particulier, marqu\u00e9e par la recrudescence des cas d\u2019hospitalisation et la pression sur le syst\u00e8me de sant\u00e9, la DRS \u0153uvre au renforcement de l\u2019offre sanitaire et l\u2019augmentation de la capacit\u00e9 d\u2019accueil des h\u00f4pitaux [&hellip;]<\/p>\n","protected":false},"author":1788,"featured_media":0,"comment_status":"closed","ping_status":"closed","sticky":false,"template":"","format":"standard","meta":{"fifu_image_url":"http:\/\/www.mapmarrakech.ma\/map\/uploads\/2021\/08\/chapiteau-copier.jpg","fifu_image_alt":"La DRS renforce l\u2019offre de prise en charge des cas Covid-19","footnotes":""},"categories":[54,76],"tags":[],"class_list":["post-124109","post","type-post","status-publish","format-standard","hentry","category-maroc","category-regions"],"_links":{"self":[{"href":"https:\/\/linitiative.ca\/International\/wp-json\/wp\/v2\/posts\/124109","targetHints":{"allow":["GET"]}}],"collection":[{"href":"https:\/\/linitiative.ca\/International\/wp-json\/wp\/v2\/posts"}],"about":[{"href":"https:\/\/linitiative.ca\/International\/wp-json\/wp\/v2\/types\/post"}],"author":[{"embeddable":true,"href":"https:\/\/linitiative.ca\/International\/wp-json\/wp\/v2\/users\/1788"}],"replies":[{"embeddable":true,"href":"https:\/\/linitiative.ca\/International\/wp-json\/wp\/v2\/comments?post=124109"}],"version-history":[{"count":0,"href":"https:\/\/linitiative.ca\/International\/wp-json\/wp\/v2\/posts\/124109\/revisions"}],"wp:attachment":[{"href":"https:\/\/linitiative.ca\/International\/wp-json\/wp\/v2\/media?parent=124109"}],"wp:term":[{"taxonomy":"category","embeddable":true,"href":"https:\/\/linitiative.ca\/International\/wp-json\/wp\/v2\/categories?post=124109"},{"taxonomy":"post_tag","embeddable":true,"href":"https:\/\/linitiative.ca\/International\/wp-json\/wp\/v2\/tags?post=124109"}],"curies":[{"name":"wp","href":"https:\/\/api.w.org\/{rel}","templated":true}]}}