{"id":124111,"date":"2021-08-14T07:33:53","date_gmt":"2021-08-14T11:33:53","guid":{"rendered":"https:\/\/linitiative.ca\/International\/la-vaccination-anti-covid-19-etendue-aux-jeunes-de-18-ans-et-plus\/"},"modified":"2021-08-14T07:33:53","modified_gmt":"2021-08-14T11:33:53","slug":"la-vaccination-anti-covid-19-etendue-aux-jeunes-de-18-ans-et-plus","status":"publish","type":"post","link":"https:\/\/linitiative.ca\/International\/la-vaccination-anti-covid-19-etendue-aux-jeunes-de-18-ans-et-plus\/","title":{"rendered":"La vaccination anti Covid-19 \u00e9tendue aux jeunes de 18 ans et plus"},"content":{"rendered":"<div>\n<div style=\"margin-bottom:20px;\"><img loading=\"lazy\" decoding=\"async\" width=\"750\" height=\"430\" src=\"https:\/\/linitiative.ca\/International\/wp-content\/uploads\/sites\/23\/2021\/08\/laayoune-vaccin-agents-copier.jpg\" class=\"attachment-post-thumbnail size-post-thumbnail wp-post-image\" alt=\"\" srcset=\"https:\/\/linitiative.ca\/International\/wp-content\/uploads\/sites\/23\/2021\/08\/laayoune-vaccin-agents-copier.jpg 750w, http:\/\/www.mapmarrakech.ma\/map\/uploads\/2021\/08\/laayoune-vaccin-agents-copier-300x172.jpg 300w\" sizes=\"auto, (max-width: 750px) 100vw, 750px\"><\/div>\n<p>Dans un communiqu\u00e9, le minist\u00e8re rappelle la lev\u00e9e des restrictions li\u00e9es au domicile et l\u2019ouverture des centres de vaccination tous les jours de la semaine jusqu\u2019\u00e0 20H00.<\/p>\n<p>Le minist\u00e8re invite les citoyens appartenant aux cat\u00e9gories cibl\u00e9es \u00e0 poursuivre leur adh\u00e9sion \u00e0 ce chantier national d\u2019envergure, en vue de progresser vers l\u2019immunit\u00e9 collective, insistant sur la n\u00e9cessit\u00e9 de continuer \u00e0 se conformer aux mesures de pr\u00e9vention pendant et apr\u00e8s l\u2019op\u00e9ration de vaccination.<\/p>\n<p>The post <a rel=\"nofollow\" href=\"http:\/\/www.mapmarrakech.ma\/fr\/la-vaccination-anti-covid-19-etendue-aux-jeunes-de-18-ans-et-plus\/\">La vaccination anti Covid-19 \u00e9tendue aux jeunes de 18 ans et plus<\/a> appeared first on <a rel=\"nofollow\" href=\"http:\/\/www.mapmarrakech.ma\/fr\">MapMarrakech<\/a>.<\/p>\n<\/div>\n<p>Auteur: Meriem IGASS<br \/>\n<a href=\"http:\/\/www.mapmarrakech.ma\/fr\/la-vaccination-anti-covid-19-etendue-aux-jeunes-de-18-ans-et-plus\/\">Cliquez ici pour lire l&rsquo;article depuis sa source.<\/a><\/p>\n","protected":false},"excerpt":{"rendered":"<p>Dans un communiqu\u00e9, le minist\u00e8re rappelle la lev\u00e9e des restrictions li\u00e9es au domicile et l\u2019ouverture des centres de vaccination tous les jours de la semaine jusqu\u2019\u00e0 20H00. Le minist\u00e8re invite les citoyens appartenant aux cat\u00e9gories cibl\u00e9es \u00e0 poursuivre leur adh\u00e9sion \u00e0 ce chantier national d\u2019envergure, en vue de progresser vers l\u2019immunit\u00e9 collective, insistant sur la [&hellip;]<\/p>\n","protected":false},"author":1788,"featured_media":0,"comment_status":"closed","ping_status":"closed","sticky":false,"template":"","format":"standard","meta":{"fifu_image_url":"http:\/\/www.mapmarrakech.ma\/map\/uploads\/2021\/08\/laayoune-vaccin-agents-copier.jpg","fifu_image_alt":"La vaccination anti Covid-19 \u00e9tendue aux jeunes de 18 ans et plus","footnotes":""},"categories":[54,76],"tags":[],"class_list":["post-124111","post","type-post","status-publish","format-standard","hentry","category-maroc","category-regions"],"_links":{"self":[{"href":"https:\/\/linitiative.ca\/International\/wp-json\/wp\/v2\/posts\/124111","targetHints":{"allow":["GET"]}}],"collection":[{"href":"https:\/\/linitiative.ca\/International\/wp-json\/wp\/v2\/posts"}],"about":[{"href":"https:\/\/linitiative.ca\/International\/wp-json\/wp\/v2\/types\/post"}],"author":[{"embeddable":true,"href":"https:\/\/linitiative.ca\/International\/wp-json\/wp\/v2\/users\/1788"}],"replies":[{"embeddable":true,"href":"https:\/\/linitiative.ca\/International\/wp-json\/wp\/v2\/comments?post=124111"}],"version-history":[{"count":0,"href":"https:\/\/linitiative.ca\/International\/wp-json\/wp\/v2\/posts\/124111\/revisions"}],"wp:attachment":[{"href":"https:\/\/linitiative.ca\/International\/wp-json\/wp\/v2\/media?parent=124111"}],"wp:term":[{"taxonomy":"category","embeddable":true,"href":"https:\/\/linitiative.ca\/International\/wp-json\/wp\/v2\/categories?post=124111"},{"taxonomy":"post_tag","embeddable":true,"href":"https:\/\/linitiative.ca\/International\/wp-json\/wp\/v2\/tags?post=124111"}],"curies":[{"name":"wp","href":"https:\/\/api.w.org\/{rel}","templated":true}]}}