{"id":124115,"date":"2021-08-14T11:22:45","date_gmt":"2021-08-14T15:22:45","guid":{"rendered":"https:\/\/linitiative.ca\/International\/previsions-meteorologiques-pour-le-dimanche-15-aout-2021\/"},"modified":"2021-08-14T11:22:45","modified_gmt":"2021-08-14T15:22:45","slug":"previsions-meteorologiques-pour-le-dimanche-15-aout-2021","status":"publish","type":"post","link":"https:\/\/linitiative.ca\/International\/previsions-meteorologiques-pour-le-dimanche-15-aout-2021\/","title":{"rendered":"Pr\u00e9visions m\u00e9t\u00e9orologiques pour le dimanche 15 ao\u00fbt 2021"},"content":{"rendered":"<div>\n<div style=\"margin-bottom:20px;\"><img loading=\"lazy\" decoding=\"async\" width=\"750\" height=\"430\" src=\"https:\/\/linitiative.ca\/International\/wp-content\/uploads\/sites\/23\/2021\/08\/soleil-3-1.jpg\" class=\"attachment-post-thumbnail size-post-thumbnail wp-post-image\" alt=\"\" srcset=\"https:\/\/linitiative.ca\/International\/wp-content\/uploads\/sites\/23\/2021\/08\/soleil-3-1.jpg 750w, http:\/\/www.mapmarrakech.ma\/map\/uploads\/2021\/08\/soleil-3-300x172.jpg 300w\" sizes=\"auto, (max-width: 750px) 100vw, 750px\"><\/div>\n<p>\u2013 Temps chaud \u00e0 tr\u00e8s chaud sur le Souss et par endroits sur le Sud, l\u2019extr\u00eame Sud-Est, le Saiss et l\u2019int\u00e9rieur du Gharb.<\/p>\n<p>\u2013 Temps assez chaud \u00e0 localement chaud sur l\u2019Oriental, le Sud-Est, les plaines int\u00e9rieures et l\u2019Oriental.<\/p>\n<p>\u2013 Nuages bas matinaux et nocturnes pr\u00e8s des c\u00f4tes m\u00e9diterran\u00e9ennes avec brume ou faibles gouttes de bruine.<\/p>\n<p>\u2013 Ciel passag\u00e8rement nuageux sur l\u2019Atlas, les versants Sud-Est, les Hauts plateaux Orientaux et les provinces Sud avec possibilit\u00e9 de quelques ond\u00e9es \u00e9parses.<\/p>\n<p>\u2013 Chasse-sables possibles par endroits sur les provinces Sud.<\/p>\n<p>\u2013 Temp\u00e9ratures minimales de l\u2019ordre de 23\/34\u00b0C sur le Sud-Est, l\u2019Est et le Sud des provinces Sahariennes, 23\/29\u00b0C sur l\u2019Oriental, l\u2019int\u00e9rieur du Souss, le Saiss, les r\u00e9gions int\u00e9rieures Nord et Centre, le Gharb et le Tang\u00e9rois et de 18\/24\u00b0C partout ailleurs.<\/p>\n<p>\u2013 Temp\u00e9ratures maximales de l\u2019ordre de 42\/49\u00b0C sur l\u2019extr\u00eame Sud-Est, l\u2019int\u00e9rieur du Gharb et du Souss, l\u2019Est et le Sud des provinces Sahariennes, le Saiss, Tadla, la vall\u00e9e de Moulouya et les plaines int\u00e9rieures \u00e0 l\u2019Ouest de l\u2019Atlas, 35\/43\u00b0C sur l\u2019Oriental, les plaines atlantiques, les versants Sud-Est et le nord-ouest des provinces Sud, 30\/38\u00b0C sur l\u2019Atlas et de 28\/33\u00b0C pr\u00e8s des c\u00f4tes.<\/p>\n<p>\u2013 Mer belle sur la M\u00e9diterran\u00e9e, belle \u00e0 peu agit\u00e9e sur le D\u00e9troit, peu agit\u00e9e \u00e0 agit\u00e9e le long du littoral atlantique.<\/p>\n<p>The post <a rel=\"nofollow\" href=\"http:\/\/www.mapmarrakech.ma\/fr\/previsions-meteorologiques-pour-le-dimanche-15-aout-2021\/\">Pr\u00e9visions m\u00e9t\u00e9orologiques pour le dimanche 15 ao\u00fbt 2021<\/a> appeared first on <a rel=\"nofollow\" href=\"http:\/\/www.mapmarrakech.ma\/fr\">MapMarrakech<\/a>.<\/p>\n<\/div>\n<p>Auteur: Meriem IGASS<br \/>\n<a href=\"http:\/\/www.mapmarrakech.ma\/fr\/previsions-meteorologiques-pour-le-dimanche-15-aout-2021\/\">Cliquez ici pour lire l&rsquo;article depuis sa source.<\/a><\/p>\n","protected":false},"excerpt":{"rendered":"<p>\u2013 Temps chaud \u00e0 tr\u00e8s chaud sur le Souss et par endroits sur le Sud, l\u2019extr\u00eame Sud-Est, le Saiss et l\u2019int\u00e9rieur du Gharb. \u2013 Temps assez chaud \u00e0 localement chaud sur l\u2019Oriental, le Sud-Est, les plaines int\u00e9rieures et l\u2019Oriental. \u2013 Nuages bas matinaux et nocturnes pr\u00e8s des c\u00f4tes m\u00e9diterran\u00e9ennes avec brume ou faibles gouttes de [&hellip;]<\/p>\n","protected":false},"author":1788,"featured_media":0,"comment_status":"closed","ping_status":"closed","sticky":false,"template":"","format":"standard","meta":{"fifu_image_url":"http:\/\/www.mapmarrakech.ma\/map\/uploads\/2021\/08\/soleil-3.jpg","fifu_image_alt":"Pr\u00e9visions m\u00e9t\u00e9orologiques pour le dimanche 15 ao\u00fbt 2021","footnotes":""},"categories":[54,76],"tags":[],"class_list":["post-124115","post","type-post","status-publish","format-standard","hentry","category-maroc","category-regions"],"_links":{"self":[{"href":"https:\/\/linitiative.ca\/International\/wp-json\/wp\/v2\/posts\/124115","targetHints":{"allow":["GET"]}}],"collection":[{"href":"https:\/\/linitiative.ca\/International\/wp-json\/wp\/v2\/posts"}],"about":[{"href":"https:\/\/linitiative.ca\/International\/wp-json\/wp\/v2\/types\/post"}],"author":[{"embeddable":true,"href":"https:\/\/linitiative.ca\/International\/wp-json\/wp\/v2\/users\/1788"}],"replies":[{"embeddable":true,"href":"https:\/\/linitiative.ca\/International\/wp-json\/wp\/v2\/comments?post=124115"}],"version-history":[{"count":0,"href":"https:\/\/linitiative.ca\/International\/wp-json\/wp\/v2\/posts\/124115\/revisions"}],"wp:attachment":[{"href":"https:\/\/linitiative.ca\/International\/wp-json\/wp\/v2\/media?parent=124115"}],"wp:term":[{"taxonomy":"category","embeddable":true,"href":"https:\/\/linitiative.ca\/International\/wp-json\/wp\/v2\/categories?post=124115"},{"taxonomy":"post_tag","embeddable":true,"href":"https:\/\/linitiative.ca\/International\/wp-json\/wp\/v2\/tags?post=124115"}],"curies":[{"name":"wp","href":"https:\/\/api.w.org\/{rel}","templated":true}]}}